{"id":2413,"date":"2021-10-04T07:41:54","date_gmt":"2021-10-04T05:41:54","guid":{"rendered":"https:\/\/jarnac-champagne.fr\/\/\/?p=2413"},"modified":"2021-10-04T07:43:34","modified_gmt":"2021-10-04T05:43:34","slug":"allegement-du-protocole-sanitaire-a-lecole","status":"publish","type":"post","link":"https:\/\/jarnac-champagne.fr\/index.php\/2021\/10\/04\/allegement-du-protocole-sanitaire-a-lecole\/","title":{"rendered":"All\u00e8gement du protocole sanitaire \u00e0 l&rsquo;\u00e9cole"},"content":{"rendered":"\n<p><br>A compter du LUNDI 04 OCTOBRE, le gouvernement a d\u00e9cid\u00e9 d\u2019all\u00e9ger le protocole sanitaire dans les \u00e9tablissements scolaires.<\/p>\n\n\n\n<p>Cette d\u00e9cision concerne trois d\u00e9partements dans l\u2019acad\u00e9mie : la Charente-Maritime, les Deux-S\u00e8vres et la Vienne. Le niveau de protocole appliqu\u00e9 passe au<strong><span class=\"has-inline-color has-vivid-cyan-blue-color\"> niveau 1<\/span><\/strong>.<\/p>\n\n\n\n<p>Tous les \u00e9l\u00e8ves, du primaire au lyc\u00e9e, sont accueillis en pr\u00e9sentiel.<\/p>\n\n\n\n<p>Les activit\u00e9s physiques et sportives sont autoris\u00e9es en int\u00e9rieur et en ext\u00e9rieur.<\/p>\n\n\n\n<p>La limitation du brassage entre groupes d\u2019\u00e9l\u00e8ves n\u2019est pas obligatoire.<\/p>\n\n\n\n<p>Le port du masque est obligatoire pour les personnels et les \u00e9l\u00e8ves de coll\u00e8ges et lyc\u00e9es dans les espaces clos ; en ext\u00e9rieur, ce sont les r\u00e8gles \u00ab\u00a0en population g\u00e9n\u00e9rale\u00a0\u00bb qui sont appliqu\u00e9es.&nbsp;<strong><span class=\"has-inline-color has-luminous-vivid-orange-color\">En primaire, le port du masque n\u2019est pas requis pour les \u00e9l\u00e8ves.&nbsp;<\/span><\/strong><\/p>\n\n\n\n<p>Quant au nettoyage et \u00e0 la d\u00e9sinfection des locaux et du mat\u00e9riel, il doit \u00eatre r\u00e9alis\u00e9 \u00ab\u00a0au moins une fois par jour. Les tables du r\u00e9fectoire sont nettoy\u00e9es et d\u00e9sinfect\u00e9es, a minima, apr\u00e8s chaque service\u00a0\u00bb.&nbsp;Pour la restauration scolaire, \u00ab\u00a0les espaces sont am\u00e9nag\u00e9s et l\u2019organisation con\u00e7ue de mani\u00e8re \u00e0&nbsp; rechercher la plus grande distanciation possible entre les \u00e9l\u00e8ves\u00a0\u00bb.<\/p>\n\n\n\n<p>Maintien des mesures renforc\u00e9es d\u2019a\u00e9ration et de lavage de mains.<\/p>\n\n\n\n<div class=\"wp-block-group is-layout-flow wp-block-group-is-layout-flow\">\n<p><\/p>\n\n\n\n<p><\/p>\n\n\n\n<p><\/p>\n<\/div>\n\n\n\n<p><\/p>\n\n\n\n<p><\/p>\n","protected":false},"excerpt":{"rendered":"<p>A compter du LUNDI 04 OCTOBRE, le gouvernement a d\u00e9cid\u00e9 d\u2019all\u00e9ger le protocole sanitaire dans les \u00e9tablissements scolaires. Cette d\u00e9cision<\/p>\n","protected":false},"author":1,"featured_media":103,"comment_status":"open","ping_status":"open","sticky":false,"template":"","format":"standard","meta":{"colormag_page_container_layout":"default_layout","colormag_page_sidebar_layout":"default_layout","footnotes":""},"categories":[5],"tags":[],"class_list":["post-2413","post","type-post","status-publish","format-standard","has-post-thumbnail","hentry","category-infos-ecole"],"_links":{"self":[{"href":"https:\/\/jarnac-champagne.fr\/index.php\/wp-json\/wp\/v2\/posts\/2413","targetHints":{"allow":["GET"]}}],"collection":[{"href":"https:\/\/jarnac-champagne.fr\/index.php\/wp-json\/wp\/v2\/posts"}],"about":[{"href":"https:\/\/jarnac-champagne.fr\/index.php\/wp-json\/wp\/v2\/types\/post"}],"author":[{"embeddable":true,"href":"https:\/\/jarnac-champagne.fr\/index.php\/wp-json\/wp\/v2\/users\/1"}],"replies":[{"embeddable":true,"href":"https:\/\/jarnac-champagne.fr\/index.php\/wp-json\/wp\/v2\/comments?post=2413"}],"version-history":[{"count":3,"href":"https:\/\/jarnac-champagne.fr\/index.php\/wp-json\/wp\/v2\/posts\/2413\/revisions"}],"predecessor-version":[{"id":2416,"href":"https:\/\/jarnac-champagne.fr\/index.php\/wp-json\/wp\/v2\/posts\/2413\/revisions\/2416"}],"wp:featuredmedia":[{"embeddable":true,"href":"https:\/\/jarnac-champagne.fr\/index.php\/wp-json\/wp\/v2\/media\/103"}],"wp:attachment":[{"href":"https:\/\/jarnac-champagne.fr\/index.php\/wp-json\/wp\/v2\/media?parent=2413"}],"wp:term":[{"taxonomy":"category","embeddable":true,"href":"https:\/\/jarnac-champagne.fr\/index.php\/wp-json\/wp\/v2\/categories?post=2413"},{"taxonomy":"post_tag","embeddable":true,"href":"https:\/\/jarnac-champagne.fr\/index.php\/wp-json\/wp\/v2\/tags?post=2413"}],"curies":[{"name":"wp","href":"https:\/\/api.w.org\/{rel}","templated":true}]}}