{"id":2442,"date":"2021-10-05T08:22:48","date_gmt":"2021-10-05T06:22:48","guid":{"rendered":"https:\/\/jarnac-champagne.fr\/\/\/?p=2442"},"modified":"2021-10-05T08:22:49","modified_gmt":"2021-10-05T06:22:49","slug":"lascjm-en-fete","status":"publish","type":"post","link":"https:\/\/jarnac-champagne.fr\/index.php\/2021\/10\/05\/lascjm-en-fete\/","title":{"rendered":"L&rsquo;ASCJM en f\u00eate"},"content":{"rendered":"\n<p>L&rsquo;Association Sportive Chadenac Jarnac Marignac a f\u00eate ses 10 ans d&rsquo;existence le samedi 25 septembre sur le stade de Chadenac. L&rsquo;occasion de pr\u00e9senter tous les joueurs (126 licenci\u00e9s) sous le regard bienveillant de leur parrain Malik Couturier, ancien joueur professionnel, et de remercier tous les dirigeants et b\u00e9n\u00e9voles. Longue vie \u00e0 l&rsquo;ASCJM et vive le sport !<\/p>\n\n\n\n<div class=\"wp-block-image\"><figure class=\"aligncenter size-full\"><img loading=\"lazy\" decoding=\"async\" width=\"611\" height=\"710\" src=\"https:\/\/jarnac-champagne.fr\/\/\/wp-content\/uploads\/2021\/10\/10_Ans_ASCJM_HS-01-10-21-rotated.jpeg\" alt=\"\" class=\"wp-image-2417\" srcset=\"https:\/\/jarnac-champagne.fr\/wp-content\/uploads\/2021\/10\/10_Ans_ASCJM_HS-01-10-21-rotated.jpeg 611w, https:\/\/jarnac-champagne.fr\/wp-content\/uploads\/2021\/10\/10_Ans_ASCJM_HS-01-10-21-258x300.jpeg 258w\" sizes=\"auto, (max-width: 611px) 100vw, 611px\" \/><figcaption>Haute-Saintonge &#8211; 01\/10\/21<\/figcaption><\/figure><\/div>\n\n\n\n<figure class=\"wp-block-gallery columns-1 is-cropped wp-block-gallery-1 is-layout-flex wp-block-gallery-is-layout-flex\"><ul class=\"blocks-gallery-grid\"><li class=\"blocks-gallery-item\"><figure><img loading=\"lazy\" decoding=\"async\" width=\"1024\" height=\"683\" src=\"https:\/\/jarnac-champagne.fr\/\/\/wp-content\/uploads\/2021\/10\/10_Ans_ASCJM_25-09-21-1-1024x683.jpg\" alt=\"\" data-id=\"2420\" data-full-url=\"https:\/\/jarnac-champagne.fr\/\/\/wp-content\/uploads\/2021\/10\/10_Ans_ASCJM_25-09-21-1-scaled.jpg\" data-link=\"https:\/\/jarnac-champagne.fr\/\/\/10_ans_ascjm_25-09-21-1\/\" class=\"wp-image-2420\" srcset=\"https:\/\/jarnac-champagne.fr\/wp-content\/uploads\/2021\/10\/10_Ans_ASCJM_25-09-21-1-1024x683.jpg 1024w, https:\/\/jarnac-champagne.fr\/wp-content\/uploads\/2021\/10\/10_Ans_ASCJM_25-09-21-1-300x200.jpg 300w, https:\/\/jarnac-champagne.fr\/wp-content\/uploads\/2021\/10\/10_Ans_ASCJM_25-09-21-1-768x512.jpg 768w, https:\/\/jarnac-champagne.fr\/wp-content\/uploads\/2021\/10\/10_Ans_ASCJM_25-09-21-1-1536x1024.jpg 1536w, https:\/\/jarnac-champagne.fr\/wp-content\/uploads\/2021\/10\/10_Ans_ASCJM_25-09-21-1-2048x1365.jpg 2048w\" sizes=\"auto, (max-width: 1024px) 100vw, 1024px\" \/><\/figure><\/li><li class=\"blocks-gallery-item\"><figure><img loading=\"lazy\" decoding=\"async\" width=\"1024\" height=\"683\" src=\"https:\/\/jarnac-champagne.fr\/\/\/wp-content\/uploads\/2021\/10\/10_Ans_ASCJM_25-09-21-2-1024x683.jpg\" alt=\"\" data-id=\"2421\" data-full-url=\"https:\/\/jarnac-champagne.fr\/\/\/wp-content\/uploads\/2021\/10\/10_Ans_ASCJM_25-09-21-2-scaled.jpg\" data-link=\"https:\/\/jarnac-champagne.fr\/\/\/10_ans_ascjm_25-09-21-2\/\" class=\"wp-image-2421\" srcset=\"https:\/\/jarnac-champagne.fr\/wp-content\/uploads\/2021\/10\/10_Ans_ASCJM_25-09-21-2-1024x683.jpg 1024w, https:\/\/jarnac-champagne.fr\/wp-content\/uploads\/2021\/10\/10_Ans_ASCJM_25-09-21-2-300x200.jpg 300w, https:\/\/jarnac-champagne.fr\/wp-content\/uploads\/2021\/10\/10_Ans_ASCJM_25-09-21-2-768x512.jpg 768w, https:\/\/jarnac-champagne.fr\/wp-content\/uploads\/2021\/10\/10_Ans_ASCJM_25-09-21-2-1536x1024.jpg 1536w, https:\/\/jarnac-champagne.fr\/wp-content\/uploads\/2021\/10\/10_Ans_ASCJM_25-09-21-2-2048x1365.jpg 2048w\" sizes=\"auto, (max-width: 1024px) 100vw, 1024px\" \/><\/figure><\/li><\/ul><\/figure>\n","protected":false},"excerpt":{"rendered":"<p>L&rsquo;Association Sportive Chadenac Jarnac Marignac a f\u00eate ses 10 ans d&rsquo;existence le samedi 25 septembre sur le stade de Chadenac.<\/p>\n","protected":false},"author":1,"featured_media":2303,"comment_status":"open","ping_status":"open","sticky":false,"template":"","format":"standard","meta":{"colormag_page_container_layout":"default_layout","colormag_page_sidebar_layout":"default_layout","footnotes":""},"categories":[20,8],"tags":[],"class_list":["post-2442","post","type-post","status-publish","format-standard","has-post-thumbnail","hentry","category-football-ascjm","category-presse"],"_links":{"self":[{"href":"https:\/\/jarnac-champagne.fr\/index.php\/wp-json\/wp\/v2\/posts\/2442","targetHints":{"allow":["GET"]}}],"collection":[{"href":"https:\/\/jarnac-champagne.fr\/index.php\/wp-json\/wp\/v2\/posts"}],"about":[{"href":"https:\/\/jarnac-champagne.fr\/index.php\/wp-json\/wp\/v2\/types\/post"}],"author":[{"embeddable":true,"href":"https:\/\/jarnac-champagne.fr\/index.php\/wp-json\/wp\/v2\/users\/1"}],"replies":[{"embeddable":true,"href":"https:\/\/jarnac-champagne.fr\/index.php\/wp-json\/wp\/v2\/comments?post=2442"}],"version-history":[{"count":2,"href":"https:\/\/jarnac-champagne.fr\/index.php\/wp-json\/wp\/v2\/posts\/2442\/revisions"}],"predecessor-version":[{"id":2445,"href":"https:\/\/jarnac-champagne.fr\/index.php\/wp-json\/wp\/v2\/posts\/2442\/revisions\/2445"}],"wp:featuredmedia":[{"embeddable":true,"href":"https:\/\/jarnac-champagne.fr\/index.php\/wp-json\/wp\/v2\/media\/2303"}],"wp:attachment":[{"href":"https:\/\/jarnac-champagne.fr\/index.php\/wp-json\/wp\/v2\/media?parent=2442"}],"wp:term":[{"taxonomy":"category","embeddable":true,"href":"https:\/\/jarnac-champagne.fr\/index.php\/wp-json\/wp\/v2\/categories?post=2442"},{"taxonomy":"post_tag","embeddable":true,"href":"https:\/\/jarnac-champagne.fr\/index.php\/wp-json\/wp\/v2\/tags?post=2442"}],"curies":[{"name":"wp","href":"https:\/\/api.w.org\/{rel}","templated":true}]}}