{"id":2451,"date":"2021-10-06T18:09:27","date_gmt":"2021-10-06T16:09:27","guid":{"rendered":"https:\/\/jarnac-champagne.fr\/\/\/?p=2451"},"modified":"2021-10-06T18:09:28","modified_gmt":"2021-10-06T16:09:28","slug":"mise-en-service-antenne-4g","status":"publish","type":"post","link":"https:\/\/jarnac-champagne.fr\/index.php\/2021\/10\/06\/mise-en-service-antenne-4g\/","title":{"rendered":"Mise en service antenne 4G"},"content":{"rendered":"\n<p>ENFIN ! Apr\u00e8s des mois et des mois d&rsquo;attente, de nombreuses relances, nous avons la joie, le plaisir, le bonheur de vous annoncer la mise en service depuis hier en fin d&rsquo;apr\u00e8s-midi. Les op\u00e9rateurs concern\u00e9s sont donc Orange et Free. Il serait int\u00e9ressant que SFR et Bouygues s&rsquo;ajoutent \u00e0 la liste.<\/p>\n\n\n\n<p>Nous avons test\u00e9, hier soir, les appels et partage de connexion dans la maison des associations, tout fonctionne parfaitement. <\/p>\n\n\n\n<p>Il \u00e9tait temps de couvrir cette zone blanche pour le confort de tous, en esp\u00e9rant que la r\u00e9ception soit assez large. D&rsquo;ailleurs, vos retours \u00e0 ce sujet sont les bienvenus.<\/p>\n\n\n\n<div class=\"wp-block-image\"><figure class=\"aligncenter size-full\"><img loading=\"lazy\" decoding=\"async\" width=\"768\" height=\"1024\" src=\"https:\/\/jarnac-champagne.fr\/\/\/wp-content\/uploads\/2020\/11\/Levee_Antenne_Nov_202026.jpg\" alt=\"\" class=\"wp-image-1101\" srcset=\"https:\/\/jarnac-champagne.fr\/wp-content\/uploads\/2020\/11\/Levee_Antenne_Nov_202026.jpg 768w, https:\/\/jarnac-champagne.fr\/wp-content\/uploads\/2020\/11\/Levee_Antenne_Nov_202026-225x300.jpg 225w\" sizes=\"auto, (max-width: 768px) 100vw, 768px\" \/><\/figure><\/div>\n","protected":false},"excerpt":{"rendered":"<p>ENFIN ! Apr\u00e8s des mois et des mois d&rsquo;attente, de nombreuses relances, nous avons la joie, le plaisir, le bonheur<\/p>\n","protected":false},"author":1,"featured_media":105,"comment_status":"open","ping_status":"open","sticky":false,"template":"","format":"standard","meta":{"colormag_page_container_layout":"default_layout","colormag_page_sidebar_layout":"default_layout","footnotes":""},"categories":[4],"tags":[],"class_list":["post-2451","post","type-post","status-publish","format-standard","has-post-thumbnail","hentry","category-infos-mairie"],"_links":{"self":[{"href":"https:\/\/jarnac-champagne.fr\/index.php\/wp-json\/wp\/v2\/posts\/2451","targetHints":{"allow":["GET"]}}],"collection":[{"href":"https:\/\/jarnac-champagne.fr\/index.php\/wp-json\/wp\/v2\/posts"}],"about":[{"href":"https:\/\/jarnac-champagne.fr\/index.php\/wp-json\/wp\/v2\/types\/post"}],"author":[{"embeddable":true,"href":"https:\/\/jarnac-champagne.fr\/index.php\/wp-json\/wp\/v2\/users\/1"}],"replies":[{"embeddable":true,"href":"https:\/\/jarnac-champagne.fr\/index.php\/wp-json\/wp\/v2\/comments?post=2451"}],"version-history":[{"count":1,"href":"https:\/\/jarnac-champagne.fr\/index.php\/wp-json\/wp\/v2\/posts\/2451\/revisions"}],"predecessor-version":[{"id":2452,"href":"https:\/\/jarnac-champagne.fr\/index.php\/wp-json\/wp\/v2\/posts\/2451\/revisions\/2452"}],"wp:featuredmedia":[{"embeddable":true,"href":"https:\/\/jarnac-champagne.fr\/index.php\/wp-json\/wp\/v2\/media\/105"}],"wp:attachment":[{"href":"https:\/\/jarnac-champagne.fr\/index.php\/wp-json\/wp\/v2\/media?parent=2451"}],"wp:term":[{"taxonomy":"category","embeddable":true,"href":"https:\/\/jarnac-champagne.fr\/index.php\/wp-json\/wp\/v2\/categories?post=2451"},{"taxonomy":"post_tag","embeddable":true,"href":"https:\/\/jarnac-champagne.fr\/index.php\/wp-json\/wp\/v2\/tags?post=2451"}],"curies":[{"name":"wp","href":"https:\/\/api.w.org\/{rel}","templated":true}]}}