{"id":2453,"date":"2021-10-06T19:35:31","date_gmt":"2021-10-06T17:35:31","guid":{"rendered":"https:\/\/jarnac-champagne.fr\/\/\/?p=2453"},"modified":"2021-10-09T10:42:07","modified_gmt":"2021-10-09T08:42:07","slug":"don-du-sang-2","status":"publish","type":"post","link":"https:\/\/jarnac-champagne.fr\/index.php\/2021\/10\/06\/don-du-sang-2\/","title":{"rendered":"Don du sang"},"content":{"rendered":"\n<p>En raison du contexte sanitaire, les collectes de sang se d\u00e9roulent sur RDV. Cela permet de r\u00e9duire le temps d\u2019attente et de mieux g\u00e9rer la prise en charge de chaque donneur dans le respect des mesures de distanciation.<\/p>\n\n\n\n<p>Pour prendre rendez-vous cliquer sur lien : <a rel=\"noreferrer noopener\" href=\"https:\/\/efs.link\/q3Bhu\" target=\"_blank\">https:\/\/efs.link\/q3Bhu<\/a><\/p>\n\n\n\n<p><strong><em><u>Infos COVID-19&nbsp; <\/u><\/em><\/strong><strong><em><u><\/u><\/em><\/strong><\/p>\n\n\n\n<p><strong><em>Toutes les mesures de pr\u00e9caution sont mises en \u0153uvre sur les collectes de sang pour \u00e9viter les risques de transmission du virus avec le port du masque obligatoire pour tous, accompagn\u00e9 de mesures de distanciations et d\u2019hygi\u00e8ne renforc\u00e9es. Les accompagnants (non donneurs) ou enfants ne sont pas autoris\u00e9s. Les personnes ayant pr\u00e9sent\u00e9s des sympt\u00f4mes de la Covid-19 doivent attendre 14 jours apr\u00e8s disparition des sympt\u00f4mes pour donner leur sang.&nbsp;<\/em><\/strong><\/p>\n\n\n\n<div class=\"wp-block-image\"><figure class=\"aligncenter size-large\"><img loading=\"lazy\" decoding=\"async\" width=\"1024\" height=\"724\" src=\"https:\/\/jarnac-champagne.fr\/\/\/wp-content\/uploads\/2021\/10\/web_pons-1024x724.jpg\" alt=\"\" class=\"wp-image-2454\" srcset=\"https:\/\/jarnac-champagne.fr\/wp-content\/uploads\/2021\/10\/web_pons-1024x724.jpg 1024w, https:\/\/jarnac-champagne.fr\/wp-content\/uploads\/2021\/10\/web_pons-300x212.jpg 300w, https:\/\/jarnac-champagne.fr\/wp-content\/uploads\/2021\/10\/web_pons-768x543.jpg 768w, https:\/\/jarnac-champagne.fr\/wp-content\/uploads\/2021\/10\/web_pons-1536x1086.jpg 1536w, https:\/\/jarnac-champagne.fr\/wp-content\/uploads\/2021\/10\/web_pons.jpg 1754w\" sizes=\"auto, (max-width: 1024px) 100vw, 1024px\" \/><\/figure><\/div>\n","protected":false},"excerpt":{"rendered":"<p>En raison du contexte sanitaire, les collectes de sang se d\u00e9roulent sur RDV. Cela permet de r\u00e9duire le temps d\u2019attente<\/p>\n","protected":false},"author":1,"featured_media":365,"comment_status":"open","ping_status":"open","sticky":false,"template":"","format":"standard","meta":{"colormag_page_container_layout":"default_layout","colormag_page_sidebar_layout":"default_layout","footnotes":""},"categories":[9],"tags":[],"class_list":["post-2453","post","type-post","status-publish","format-standard","has-post-thumbnail","hentry","category-informations-diverses"],"_links":{"self":[{"href":"https:\/\/jarnac-champagne.fr\/index.php\/wp-json\/wp\/v2\/posts\/2453","targetHints":{"allow":["GET"]}}],"collection":[{"href":"https:\/\/jarnac-champagne.fr\/index.php\/wp-json\/wp\/v2\/posts"}],"about":[{"href":"https:\/\/jarnac-champagne.fr\/index.php\/wp-json\/wp\/v2\/types\/post"}],"author":[{"embeddable":true,"href":"https:\/\/jarnac-champagne.fr\/index.php\/wp-json\/wp\/v2\/users\/1"}],"replies":[{"embeddable":true,"href":"https:\/\/jarnac-champagne.fr\/index.php\/wp-json\/wp\/v2\/comments?post=2453"}],"version-history":[{"count":2,"href":"https:\/\/jarnac-champagne.fr\/index.php\/wp-json\/wp\/v2\/posts\/2453\/revisions"}],"predecessor-version":[{"id":2479,"href":"https:\/\/jarnac-champagne.fr\/index.php\/wp-json\/wp\/v2\/posts\/2453\/revisions\/2479"}],"wp:featuredmedia":[{"embeddable":true,"href":"https:\/\/jarnac-champagne.fr\/index.php\/wp-json\/wp\/v2\/media\/365"}],"wp:attachment":[{"href":"https:\/\/jarnac-champagne.fr\/index.php\/wp-json\/wp\/v2\/media?parent=2453"}],"wp:term":[{"taxonomy":"category","embeddable":true,"href":"https:\/\/jarnac-champagne.fr\/index.php\/wp-json\/wp\/v2\/categories?post=2453"},{"taxonomy":"post_tag","embeddable":true,"href":"https:\/\/jarnac-champagne.fr\/index.php\/wp-json\/wp\/v2\/tags?post=2453"}],"curies":[{"name":"wp","href":"https:\/\/api.w.org\/{rel}","templated":true}]}}