{"id":2498,"date":"2021-10-15T19:57:40","date_gmt":"2021-10-15T17:57:40","guid":{"rendered":"https:\/\/jarnac-champagne.fr\/\/\/?p=2498"},"modified":"2021-10-15T20:03:59","modified_gmt":"2021-10-15T18:03:59","slug":"lheure-civique-en-charente-maritime","status":"publish","type":"post","link":"https:\/\/jarnac-champagne.fr\/index.php\/2021\/10\/15\/lheure-civique-en-charente-maritime\/","title":{"rendered":"L&rsquo;heure civique en Charente-Maritime"},"content":{"rendered":"\n<p>Le D\u00e9partement lance en partenariat avec l\u2019association des Maires de la Charente-Maritime et l\u2019association \u00ab Voisins&nbsp; Solidaires \u00bb,&nbsp; une d\u00e9marche exp\u00e9rimentale de mobilisation des habitants autour des solidarit\u00e9s de proximit\u00e9.<\/p>\n\n\n<a href=\"https:\/\/jarnac-champagne.fr\/\/\/wp-content\/uploads\/2021\/10\/Affiche-Charente-Maritime-VS-30x40-1.pdf\" class=\"pdfemb-viewer\" style=\"\" data-width=\"max\" data-height=\"max\" data-toolbar=\"bottom\" data-toolbar-fixed=\"off\">Affiche-Charente-Maritime-VS-30&#215;40-1<\/a>\n<p class=\"wp-block-pdfemb-pdf-embedder-viewer\"><\/p>\n\n\n\n<p><a href=\"https:\/\/lheurecivique.charente-maritime.fr\/\">https:\/\/lheurecivique.charente-maritime.fr\/<\/a><\/p>\n","protected":false},"excerpt":{"rendered":"<p>Le D\u00e9partement lance en partenariat avec l\u2019association des Maires de la Charente-Maritime et l\u2019association \u00ab Voisins&nbsp; Solidaires \u00bb,&nbsp; une d\u00e9marche<\/p>\n","protected":false},"author":1,"featured_media":365,"comment_status":"open","ping_status":"open","sticky":false,"template":"","format":"standard","meta":{"colormag_page_container_layout":"default_layout","colormag_page_sidebar_layout":"default_layout","footnotes":""},"categories":[9],"tags":[],"class_list":["post-2498","post","type-post","status-publish","format-standard","has-post-thumbnail","hentry","category-informations-diverses"],"_links":{"self":[{"href":"https:\/\/jarnac-champagne.fr\/index.php\/wp-json\/wp\/v2\/posts\/2498","targetHints":{"allow":["GET"]}}],"collection":[{"href":"https:\/\/jarnac-champagne.fr\/index.php\/wp-json\/wp\/v2\/posts"}],"about":[{"href":"https:\/\/jarnac-champagne.fr\/index.php\/wp-json\/wp\/v2\/types\/post"}],"author":[{"embeddable":true,"href":"https:\/\/jarnac-champagne.fr\/index.php\/wp-json\/wp\/v2\/users\/1"}],"replies":[{"embeddable":true,"href":"https:\/\/jarnac-champagne.fr\/index.php\/wp-json\/wp\/v2\/comments?post=2498"}],"version-history":[{"count":2,"href":"https:\/\/jarnac-champagne.fr\/index.php\/wp-json\/wp\/v2\/posts\/2498\/revisions"}],"predecessor-version":[{"id":2505,"href":"https:\/\/jarnac-champagne.fr\/index.php\/wp-json\/wp\/v2\/posts\/2498\/revisions\/2505"}],"wp:featuredmedia":[{"embeddable":true,"href":"https:\/\/jarnac-champagne.fr\/index.php\/wp-json\/wp\/v2\/media\/365"}],"wp:attachment":[{"href":"https:\/\/jarnac-champagne.fr\/index.php\/wp-json\/wp\/v2\/media?parent=2498"}],"wp:term":[{"taxonomy":"category","embeddable":true,"href":"https:\/\/jarnac-champagne.fr\/index.php\/wp-json\/wp\/v2\/categories?post=2498"},{"taxonomy":"post_tag","embeddable":true,"href":"https:\/\/jarnac-champagne.fr\/index.php\/wp-json\/wp\/v2\/tags?post=2498"}],"curies":[{"name":"wp","href":"https:\/\/api.w.org\/{rel}","templated":true}]}}