{"id":2511,"date":"2021-10-17T23:08:14","date_gmt":"2021-10-17T21:08:14","guid":{"rendered":"https:\/\/jarnac-champagne.fr\/\/\/?p=2511"},"modified":"2021-10-17T23:10:38","modified_gmt":"2021-10-17T21:10:38","slug":"les-ombrieres","status":"publish","type":"post","link":"https:\/\/jarnac-champagne.fr\/index.php\/2021\/10\/17\/les-ombrieres\/","title":{"rendered":"Les ombri\u00e8res"},"content":{"rendered":"\n<p>Les ombri\u00e8res sur le parking de l&rsquo;\u00e9cole sont en place depuis le mois de septembre. Pour se prot\u00e9ger du soleil ou s&rsquo;abriter de la pluie, elles offrent des places couvertes. Ce qui est fort appr\u00e9ciable !<\/p>\n\n\n\n<p>Un \u00e9clairage LED est pr\u00e9sent la nuit.<\/p>\n\n\n\n<p>L\u2019enjeu du <strong>d\u00e9veloppement durable<\/strong> tient aujourd\u2019hui une place pr\u00e9pond\u00e9rante. Les efforts en <strong>transition \u00e9nerg\u00e9tique <\/strong>ne cessent de s\u2019affirmer. Projet port\u00e9 par la <strong><span class=\"has-inline-color has-vivid-cyan-blue-color\">Soci\u00e9t\u00e9 d\u2019Economie Mix<\/span><\/strong><span class=\"has-inline-color has-vivid-cyan-blue-color\"><strong>te<\/strong><\/span> <span class=\"has-inline-color has-vivid-cyan-blue-color\"><strong>Energie <\/strong>M<strong>idi Atlantique (SEM EMA)<\/strong><\/span>, r\u00e9alis\u00e9 par <strong><span class=\"has-inline-color has-luminous-vivid-orange-color\">See You Sun<\/span><\/strong>.<\/p>\n\n\n\n<p>Une <strong><span class=\"has-inline-color has-vivid-green-cyan-color\">ombri\u00e8re photovolta\u00efque<\/span><span class=\"has-inline-color has-pale-cyan-blue-color\"> <\/span><\/strong>a une double utilit\u00e9. <\/p>\n\n\n\n<ol class=\"wp-block-list\"><li>Elle est plac\u00e9e au-dessus d\u2019un parking pour pr\u00e9server les voitures de la chaleur et des intemp\u00e9ries. <\/li><li>Elle recueille par la m\u00eame occasion la lumi\u00e8re solaire gr\u00e2ce \u00e0 ses panneaux pour les transformer en \u00e9lectricit\u00e9.<\/li><\/ol>\n\n\n\n<figure class=\"wp-block-gallery columns-3 is-cropped wp-block-gallery-1 is-layout-flex wp-block-gallery-is-layout-flex\"><ul class=\"blocks-gallery-grid\"><li class=\"blocks-gallery-item\"><figure><img loading=\"lazy\" decoding=\"async\" width=\"768\" height=\"1024\" src=\"https:\/\/jarnac-champagne.fr\/\/\/wp-content\/uploads\/2021\/10\/Ombrieres_Ecole_20211-768x1024.jpg\" alt=\"\" data-id=\"2512\" data-full-url=\"https:\/\/jarnac-champagne.fr\/\/\/wp-content\/uploads\/2021\/10\/Ombrieres_Ecole_20211.jpg\" data-link=\"https:\/\/jarnac-champagne.fr\/\/\/?attachment_id=2512\" class=\"wp-image-2512\" srcset=\"https:\/\/jarnac-champagne.fr\/wp-content\/uploads\/2021\/10\/Ombrieres_Ecole_20211-768x1024.jpg 768w, https:\/\/jarnac-champagne.fr\/wp-content\/uploads\/2021\/10\/Ombrieres_Ecole_20211-225x300.jpg 225w, https:\/\/jarnac-champagne.fr\/wp-content\/uploads\/2021\/10\/Ombrieres_Ecole_20211-1152x1536.jpg 1152w, https:\/\/jarnac-champagne.fr\/wp-content\/uploads\/2021\/10\/Ombrieres_Ecole_20211.jpg 1200w\" sizes=\"auto, (max-width: 768px) 100vw, 768px\" \/><\/figure><\/li><li class=\"blocks-gallery-item\"><figure><img loading=\"lazy\" decoding=\"async\" width=\"768\" height=\"1024\" src=\"https:\/\/jarnac-champagne.fr\/\/\/wp-content\/uploads\/2021\/10\/Ombrieres_Ecole_20212-768x1024.jpg\" alt=\"\" data-id=\"2513\" data-full-url=\"https:\/\/jarnac-champagne.fr\/\/\/wp-content\/uploads\/2021\/10\/Ombrieres_Ecole_20212.jpg\" data-link=\"https:\/\/jarnac-champagne.fr\/\/\/?attachment_id=2513\" class=\"wp-image-2513\" srcset=\"https:\/\/jarnac-champagne.fr\/wp-content\/uploads\/2021\/10\/Ombrieres_Ecole_20212-768x1024.jpg 768w, https:\/\/jarnac-champagne.fr\/wp-content\/uploads\/2021\/10\/Ombrieres_Ecole_20212-225x300.jpg 225w, https:\/\/jarnac-champagne.fr\/wp-content\/uploads\/2021\/10\/Ombrieres_Ecole_20212-1152x1536.jpg 1152w, https:\/\/jarnac-champagne.fr\/wp-content\/uploads\/2021\/10\/Ombrieres_Ecole_20212.jpg 1200w\" sizes=\"auto, (max-width: 768px) 100vw, 768px\" \/><\/figure><\/li><li class=\"blocks-gallery-item\"><figure><img loading=\"lazy\" decoding=\"async\" width=\"768\" height=\"1024\" src=\"https:\/\/jarnac-champagne.fr\/\/\/wp-content\/uploads\/2021\/10\/Ombrieres_Ecole_20213-768x1024.jpg\" alt=\"\" data-id=\"2514\" data-full-url=\"https:\/\/jarnac-champagne.fr\/\/\/wp-content\/uploads\/2021\/10\/Ombrieres_Ecole_20213.jpg\" data-link=\"https:\/\/jarnac-champagne.fr\/\/\/?attachment_id=2514\" class=\"wp-image-2514\" srcset=\"https:\/\/jarnac-champagne.fr\/wp-content\/uploads\/2021\/10\/Ombrieres_Ecole_20213-768x1024.jpg 768w, https:\/\/jarnac-champagne.fr\/wp-content\/uploads\/2021\/10\/Ombrieres_Ecole_20213-225x300.jpg 225w, https:\/\/jarnac-champagne.fr\/wp-content\/uploads\/2021\/10\/Ombrieres_Ecole_20213-1152x1536.jpg 1152w, https:\/\/jarnac-champagne.fr\/wp-content\/uploads\/2021\/10\/Ombrieres_Ecole_20213.jpg 1200w\" sizes=\"auto, (max-width: 768px) 100vw, 768px\" \/><\/figure><\/li><li class=\"blocks-gallery-item\"><figure><img loading=\"lazy\" decoding=\"async\" width=\"768\" height=\"1024\" src=\"https:\/\/jarnac-champagne.fr\/\/\/wp-content\/uploads\/2021\/10\/Ombrieres_Ecole_20214-768x1024.jpg\" alt=\"\" data-id=\"2515\" data-full-url=\"https:\/\/jarnac-champagne.fr\/\/\/wp-content\/uploads\/2021\/10\/Ombrieres_Ecole_20214.jpg\" data-link=\"https:\/\/jarnac-champagne.fr\/\/\/?attachment_id=2515\" class=\"wp-image-2515\" srcset=\"https:\/\/jarnac-champagne.fr\/wp-content\/uploads\/2021\/10\/Ombrieres_Ecole_20214-768x1024.jpg 768w, https:\/\/jarnac-champagne.fr\/wp-content\/uploads\/2021\/10\/Ombrieres_Ecole_20214-225x300.jpg 225w, https:\/\/jarnac-champagne.fr\/wp-content\/uploads\/2021\/10\/Ombrieres_Ecole_20214-1152x1536.jpg 1152w, https:\/\/jarnac-champagne.fr\/wp-content\/uploads\/2021\/10\/Ombrieres_Ecole_20214.jpg 1200w\" sizes=\"auto, (max-width: 768px) 100vw, 768px\" \/><\/figure><\/li><\/ul><\/figure>\n","protected":false},"excerpt":{"rendered":"<p>Les ombri\u00e8res sur le parking de l&rsquo;\u00e9cole sont en place depuis le mois de septembre. Pour se prot\u00e9ger du soleil<\/p>\n","protected":false},"author":1,"featured_media":105,"comment_status":"open","ping_status":"open","sticky":false,"template":"","format":"standard","meta":{"colormag_page_container_layout":"default_layout","colormag_page_sidebar_layout":"default_layout","footnotes":""},"categories":[4],"tags":[],"class_list":["post-2511","post","type-post","status-publish","format-standard","has-post-thumbnail","hentry","category-infos-mairie"],"_links":{"self":[{"href":"https:\/\/jarnac-champagne.fr\/index.php\/wp-json\/wp\/v2\/posts\/2511","targetHints":{"allow":["GET"]}}],"collection":[{"href":"https:\/\/jarnac-champagne.fr\/index.php\/wp-json\/wp\/v2\/posts"}],"about":[{"href":"https:\/\/jarnac-champagne.fr\/index.php\/wp-json\/wp\/v2\/types\/post"}],"author":[{"embeddable":true,"href":"https:\/\/jarnac-champagne.fr\/index.php\/wp-json\/wp\/v2\/users\/1"}],"replies":[{"embeddable":true,"href":"https:\/\/jarnac-champagne.fr\/index.php\/wp-json\/wp\/v2\/comments?post=2511"}],"version-history":[{"count":2,"href":"https:\/\/jarnac-champagne.fr\/index.php\/wp-json\/wp\/v2\/posts\/2511\/revisions"}],"predecessor-version":[{"id":2518,"href":"https:\/\/jarnac-champagne.fr\/index.php\/wp-json\/wp\/v2\/posts\/2511\/revisions\/2518"}],"wp:featuredmedia":[{"embeddable":true,"href":"https:\/\/jarnac-champagne.fr\/index.php\/wp-json\/wp\/v2\/media\/105"}],"wp:attachment":[{"href":"https:\/\/jarnac-champagne.fr\/index.php\/wp-json\/wp\/v2\/media?parent=2511"}],"wp:term":[{"taxonomy":"category","embeddable":true,"href":"https:\/\/jarnac-champagne.fr\/index.php\/wp-json\/wp\/v2\/categories?post=2511"},{"taxonomy":"post_tag","embeddable":true,"href":"https:\/\/jarnac-champagne.fr\/index.php\/wp-json\/wp\/v2\/tags?post=2511"}],"curies":[{"name":"wp","href":"https:\/\/api.w.org\/{rel}","templated":true}]}}