{"id":2597,"date":"2021-10-27T18:01:13","date_gmt":"2021-10-27T16:01:13","guid":{"rendered":"https:\/\/jarnac-champagne.fr\/\/\/?p=2597"},"modified":"2021-10-29T08:56:03","modified_gmt":"2021-10-29T06:56:03","slug":"conges-boucherie-moreau","status":"publish","type":"post","link":"https:\/\/jarnac-champagne.fr\/index.php\/2021\/10\/27\/conges-boucherie-moreau\/","title":{"rendered":"Cong\u00e9s boucherie Moreau"},"content":{"rendered":"\n<p>La boucherie Moreau sera ferm\u00e9e du <strong><span class=\"has-inline-color has-vivid-cyan-blue-color\">LUNDI 01 NOVEMBRE au LUNDI 08 NOVEMBRE<\/span><\/strong> pour cong\u00e9s.<\/p>\n\n\n\n<p>Nous souhaitons d&rsquo;excellentes vacances \u00e0 toute l&rsquo;\u00e9quipe et un repos bien m\u00e9rit\u00e9.<\/p>\n","protected":false},"excerpt":{"rendered":"<p>La boucherie Moreau sera ferm\u00e9e du LUNDI 01 NOVEMBRE au LUNDI 08 NOVEMBRE pour cong\u00e9s. Nous souhaitons d&rsquo;excellentes vacances \u00e0<\/p>\n","protected":false},"author":1,"featured_media":105,"comment_status":"open","ping_status":"open","sticky":false,"template":"","format":"standard","meta":{"colormag_page_container_layout":"default_layout","colormag_page_sidebar_layout":"default_layout","footnotes":""},"categories":[9,4],"tags":[],"class_list":["post-2597","post","type-post","status-publish","format-standard","has-post-thumbnail","hentry","category-informations-diverses","category-infos-mairie"],"_links":{"self":[{"href":"https:\/\/jarnac-champagne.fr\/index.php\/wp-json\/wp\/v2\/posts\/2597","targetHints":{"allow":["GET"]}}],"collection":[{"href":"https:\/\/jarnac-champagne.fr\/index.php\/wp-json\/wp\/v2\/posts"}],"about":[{"href":"https:\/\/jarnac-champagne.fr\/index.php\/wp-json\/wp\/v2\/types\/post"}],"author":[{"embeddable":true,"href":"https:\/\/jarnac-champagne.fr\/index.php\/wp-json\/wp\/v2\/users\/1"}],"replies":[{"embeddable":true,"href":"https:\/\/jarnac-champagne.fr\/index.php\/wp-json\/wp\/v2\/comments?post=2597"}],"version-history":[{"count":2,"href":"https:\/\/jarnac-champagne.fr\/index.php\/wp-json\/wp\/v2\/posts\/2597\/revisions"}],"predecessor-version":[{"id":2602,"href":"https:\/\/jarnac-champagne.fr\/index.php\/wp-json\/wp\/v2\/posts\/2597\/revisions\/2602"}],"wp:featuredmedia":[{"embeddable":true,"href":"https:\/\/jarnac-champagne.fr\/index.php\/wp-json\/wp\/v2\/media\/105"}],"wp:attachment":[{"href":"https:\/\/jarnac-champagne.fr\/index.php\/wp-json\/wp\/v2\/media?parent=2597"}],"wp:term":[{"taxonomy":"category","embeddable":true,"href":"https:\/\/jarnac-champagne.fr\/index.php\/wp-json\/wp\/v2\/categories?post=2597"},{"taxonomy":"post_tag","embeddable":true,"href":"https:\/\/jarnac-champagne.fr\/index.php\/wp-json\/wp\/v2\/tags?post=2597"}],"curies":[{"name":"wp","href":"https:\/\/api.w.org\/{rel}","templated":true}]}}