{"id":2693,"date":"2021-11-14T09:21:33","date_gmt":"2021-11-14T08:21:33","guid":{"rendered":"https:\/\/jarnac-champagne.fr\/\/\/?p=2693"},"modified":"2021-11-14T09:21:34","modified_gmt":"2021-11-14T08:21:34","slug":"les-pompiers-se-mobilisent-pour-le-telethon","status":"publish","type":"post","link":"https:\/\/jarnac-champagne.fr\/index.php\/2021\/11\/14\/les-pompiers-se-mobilisent-pour-le-telethon\/","title":{"rendered":"Les Pompiers se mobilisent pour le T\u00e9l\u00e9thon"},"content":{"rendered":"\n<p>Les <strong><span class=\"has-inline-color has-vivid-green-cyan-color\">Sapeurs- Pompiers d&rsquo;Archiac<\/span><\/strong> ont d\u00e9cid\u00e9 de s&rsquo;engager aupr\u00e8s du <strong><span class=\"has-inline-color has-vivid-purple-color\">T\u00e9l\u00e9thon<\/span><\/strong> en proposant une <strong><span class=\"has-inline-color has-vivid-cyan-blue-color\">vente de porte-cl\u00e9s<\/span><\/strong> au tarif de <strong><span class=\"has-inline-color has-luminous-vivid-orange-color\">4\u20ac l&rsquo;unit\u00e9<\/span><\/strong>. <strong>L&rsquo;int\u00e9gralit\u00e9 des ventes sera revers\u00e9e \u00e0 l&rsquo;AFM T\u00e9l\u00e9thon.<\/strong><\/p>\n\n\n\n<p>Le SIVOM a souhait\u00e9 apporter son soutien aux Pompiers d\u2019Archiac pour cette initiative, quelques exemplaires sont donc disponibles \u00e0 la vente en Mairie.<\/p>\n\n\n\n<p>Par ailleurs, des flyers vont \u00eatre distribu\u00e9s \u00e0 tous les \u00e9l\u00e8ves. Les professeurs des \u00e9coles nous transmettront les bons de commande.<\/p>\n\n\n\n<h3 class=\"has-text-align-center wp-block-heading\"><strong><span class=\"has-inline-color has-vivid-purple-color\">Un stand sera pr\u00e9sent le SAMEDI 4 DECEMBRE de 8h30 \u00e0 14h30, PLACE DU CHAMP DE FOIRE \u00e0 Archiac.<\/span><\/strong><\/h3>\n\n\n\n<p>A cette occasion, des v\u00e9hicules seront pr\u00e9sents. Petits et grands pourront d\u00e9couvrir le mat\u00e9riel d&rsquo;intervention et prendre des photos. Caf\u00e9, chocolat chaud, vin chaud et g\u00e2teaux pour vous accueillir.<\/p>\n\n\n\n<p>Pour tout renseignement, contacter le <strong>06 78 48 90 36<\/strong><\/p>\n\n\n\n<p><strong><span class=\"has-inline-color has-pale-pink-color\">N&rsquo;attendez plus et n&rsquo;h\u00e9sitez pas, Neil et Theia sont adorables !!!<\/span><\/strong><\/p>\n\n\n\n<div class=\"wp-block-image\"><figure class=\"aligncenter size-large\"><img loading=\"lazy\" decoding=\"async\" width=\"1024\" height=\"803\" src=\"https:\/\/jarnac-champagne.fr\/\/\/wp-content\/uploads\/2021\/11\/Telethon-1024x803.jpg\" alt=\"\" class=\"wp-image-2698\" srcset=\"https:\/\/jarnac-champagne.fr\/wp-content\/uploads\/2021\/11\/Telethon-1024x803.jpg 1024w, https:\/\/jarnac-champagne.fr\/wp-content\/uploads\/2021\/11\/Telethon-300x235.jpg 300w, https:\/\/jarnac-champagne.fr\/wp-content\/uploads\/2021\/11\/Telethon-768x602.jpg 768w, https:\/\/jarnac-champagne.fr\/wp-content\/uploads\/2021\/11\/Telethon.jpg 1500w\" sizes=\"auto, (max-width: 1024px) 100vw, 1024px\" \/><figcaption>Neil et Theia accompagn\u00e9e de son chien Sun<\/figcaption><\/figure><\/div>\n","protected":false},"excerpt":{"rendered":"<p>Les Sapeurs- Pompiers d&rsquo;Archiac ont d\u00e9cid\u00e9 de s&rsquo;engager aupr\u00e8s du T\u00e9l\u00e9thon en proposant une vente de porte-cl\u00e9s au tarif de<\/p>\n","protected":false},"author":1,"featured_media":105,"comment_status":"open","ping_status":"open","sticky":false,"template":"","format":"standard","meta":{"colormag_page_container_layout":"default_layout","colormag_page_sidebar_layout":"default_layout","footnotes":""},"categories":[4],"tags":[],"class_list":["post-2693","post","type-post","status-publish","format-standard","has-post-thumbnail","hentry","category-infos-mairie"],"_links":{"self":[{"href":"https:\/\/jarnac-champagne.fr\/index.php\/wp-json\/wp\/v2\/posts\/2693","targetHints":{"allow":["GET"]}}],"collection":[{"href":"https:\/\/jarnac-champagne.fr\/index.php\/wp-json\/wp\/v2\/posts"}],"about":[{"href":"https:\/\/jarnac-champagne.fr\/index.php\/wp-json\/wp\/v2\/types\/post"}],"author":[{"embeddable":true,"href":"https:\/\/jarnac-champagne.fr\/index.php\/wp-json\/wp\/v2\/users\/1"}],"replies":[{"embeddable":true,"href":"https:\/\/jarnac-champagne.fr\/index.php\/wp-json\/wp\/v2\/comments?post=2693"}],"version-history":[{"count":5,"href":"https:\/\/jarnac-champagne.fr\/index.php\/wp-json\/wp\/v2\/posts\/2693\/revisions"}],"predecessor-version":[{"id":2699,"href":"https:\/\/jarnac-champagne.fr\/index.php\/wp-json\/wp\/v2\/posts\/2693\/revisions\/2699"}],"wp:featuredmedia":[{"embeddable":true,"href":"https:\/\/jarnac-champagne.fr\/index.php\/wp-json\/wp\/v2\/media\/105"}],"wp:attachment":[{"href":"https:\/\/jarnac-champagne.fr\/index.php\/wp-json\/wp\/v2\/media?parent=2693"}],"wp:term":[{"taxonomy":"category","embeddable":true,"href":"https:\/\/jarnac-champagne.fr\/index.php\/wp-json\/wp\/v2\/categories?post=2693"},{"taxonomy":"post_tag","embeddable":true,"href":"https:\/\/jarnac-champagne.fr\/index.php\/wp-json\/wp\/v2\/tags?post=2693"}],"curies":[{"name":"wp","href":"https:\/\/api.w.org\/{rel}","templated":true}]}}