{"id":2703,"date":"2021-11-14T19:40:51","date_gmt":"2021-11-14T18:40:51","guid":{"rendered":"https:\/\/jarnac-champagne.fr\/\/\/?p=2703"},"modified":"2021-11-14T19:40:52","modified_gmt":"2021-11-14T18:40:52","slug":"passage-au-niveau-2-protocole-sanitaire","status":"publish","type":"post","link":"https:\/\/jarnac-champagne.fr\/index.php\/2021\/11\/14\/passage-au-niveau-2-protocole-sanitaire\/","title":{"rendered":"Passage au niveau 2 protocole sanitaire"},"content":{"rendered":"\n<p><strong><span class=\"has-inline-color has-vivid-green-cyan-color\">RETOUR DU MASQUE \u00c0 L\u2019\u00c9COLE <\/span><\/strong><\/p>\n\n\n\n<p>A partir de <strong><span class=\"has-inline-color has-pale-cyan-blue-color\">lundi 15 novembre<\/span><\/strong>, conform\u00e9ment aux nouvelles annonces gouvernementales, le protocole sanitaire de <strong><span class=\"has-inline-color has-vivid-purple-color\">niveau 2<\/span><\/strong> s\u2019applique \u00e0 l\u2019ensemble des d\u00e9partements m\u00e9tropolitains.<\/p>\n\n\n\n<p>Le port du masque sera \u00e0 nouveau obligatoire en int\u00e9rieur pour tous les \u00e9l\u00e8ves \u00e0 partir du CP, y compris dans les transports scolaires.  Il reste obligatoire pour les adultes aux abords des \u00e9coles. <\/p>\n\n\n\n<p>N\u2019oubliez pas de glisser 2 masques dans le cartable de vos enfants demain matin !<\/p>\n\n\n\n<p>Plus d&rsquo;infos sur : <a href=\"https:\/\/www.education.gouv.fr\/covid19-quel-protocole-sanitaire-s-applique-pour-les-ecoles-et-etablissements-de-mon-departement-325535?fbclid=IwAR2m39Xl5bdIoQG8FANiMjxEF95qulhWgOn0fHS-R7PXJdyXzUglbe31TbM\">https:\/\/www.education.gouv.fr\/covid19-quel-protocole-sanitaire-s-applique-pour-les-ecoles-et-etablissements-de-mon-departement-325535?fbclid=IwAR2m39Xl5bdIoQG8FANiMjxEF95qulhWgOn0fHS-R7PXJdyXzUglbe31TbM<\/a><\/p>\n\n\n\n<div class=\"wp-block-image\"><figure class=\"aligncenter size-large\"><img loading=\"lazy\" decoding=\"async\" width=\"789\" height=\"1024\" src=\"https:\/\/jarnac-champagne.fr\/\/\/wp-content\/uploads\/2021\/11\/ann-e-scolaire-2021-2022-protocole-et-cadre-de-fonctionnement-91424-789x1024.jpeg\" alt=\"\" class=\"wp-image-2704\" srcset=\"https:\/\/jarnac-champagne.fr\/wp-content\/uploads\/2021\/11\/ann-e-scolaire-2021-2022-protocole-et-cadre-de-fonctionnement-91424-789x1024.jpeg 789w, https:\/\/jarnac-champagne.fr\/wp-content\/uploads\/2021\/11\/ann-e-scolaire-2021-2022-protocole-et-cadre-de-fonctionnement-91424-231x300.jpeg 231w, https:\/\/jarnac-champagne.fr\/wp-content\/uploads\/2021\/11\/ann-e-scolaire-2021-2022-protocole-et-cadre-de-fonctionnement-91424-768x997.jpeg 768w, https:\/\/jarnac-champagne.fr\/wp-content\/uploads\/2021\/11\/ann-e-scolaire-2021-2022-protocole-et-cadre-de-fonctionnement-91424-1183x1536.jpeg 1183w, https:\/\/jarnac-champagne.fr\/wp-content\/uploads\/2021\/11\/ann-e-scolaire-2021-2022-protocole-et-cadre-de-fonctionnement-91424.jpeg 1200w\" sizes=\"auto, (max-width: 789px) 100vw, 789px\" \/><\/figure><\/div>\n","protected":false},"excerpt":{"rendered":"<p>RETOUR DU MASQUE \u00c0 L\u2019\u00c9COLE A partir de lundi 15 novembre, conform\u00e9ment aux nouvelles annonces gouvernementales, le protocole sanitaire de<\/p>\n","protected":false},"author":1,"featured_media":103,"comment_status":"open","ping_status":"open","sticky":false,"template":"","format":"standard","meta":{"colormag_page_container_layout":"default_layout","colormag_page_sidebar_layout":"default_layout","footnotes":""},"categories":[5],"tags":[],"class_list":["post-2703","post","type-post","status-publish","format-standard","has-post-thumbnail","hentry","category-infos-ecole"],"_links":{"self":[{"href":"https:\/\/jarnac-champagne.fr\/index.php\/wp-json\/wp\/v2\/posts\/2703","targetHints":{"allow":["GET"]}}],"collection":[{"href":"https:\/\/jarnac-champagne.fr\/index.php\/wp-json\/wp\/v2\/posts"}],"about":[{"href":"https:\/\/jarnac-champagne.fr\/index.php\/wp-json\/wp\/v2\/types\/post"}],"author":[{"embeddable":true,"href":"https:\/\/jarnac-champagne.fr\/index.php\/wp-json\/wp\/v2\/users\/1"}],"replies":[{"embeddable":true,"href":"https:\/\/jarnac-champagne.fr\/index.php\/wp-json\/wp\/v2\/comments?post=2703"}],"version-history":[{"count":1,"href":"https:\/\/jarnac-champagne.fr\/index.php\/wp-json\/wp\/v2\/posts\/2703\/revisions"}],"predecessor-version":[{"id":2705,"href":"https:\/\/jarnac-champagne.fr\/index.php\/wp-json\/wp\/v2\/posts\/2703\/revisions\/2705"}],"wp:featuredmedia":[{"embeddable":true,"href":"https:\/\/jarnac-champagne.fr\/index.php\/wp-json\/wp\/v2\/media\/103"}],"wp:attachment":[{"href":"https:\/\/jarnac-champagne.fr\/index.php\/wp-json\/wp\/v2\/media?parent=2703"}],"wp:term":[{"taxonomy":"category","embeddable":true,"href":"https:\/\/jarnac-champagne.fr\/index.php\/wp-json\/wp\/v2\/categories?post=2703"},{"taxonomy":"post_tag","embeddable":true,"href":"https:\/\/jarnac-champagne.fr\/index.php\/wp-json\/wp\/v2\/tags?post=2703"}],"curies":[{"name":"wp","href":"https:\/\/api.w.org\/{rel}","templated":true}]}}