{"id":274,"date":"2020-04-06T10:43:08","date_gmt":"2020-04-06T08:43:08","guid":{"rendered":"https:\/\/jarnac-champagne.fr\/\/\/?p=274"},"modified":"2020-04-06T10:43:09","modified_gmt":"2020-04-06T08:43:09","slug":"attestation-de-deplacement-numerique","status":"publish","type":"post","link":"https:\/\/jarnac-champagne.fr\/index.php\/2020\/04\/06\/attestation-de-deplacement-numerique\/","title":{"rendered":"ATTESTATION DE DEPLACEMENT NUMERIQUE"},"content":{"rendered":"\n<p>A partir de ce jour, 6 avril, \u00e0 8h, l&rsquo;attestation de d\u00e9placement d\u00e9rogatoire peut \u00eatre g\u00e9n\u00e9r\u00e9e au format num\u00e9rique sur votre smartphone.<\/p>\n\n\n\n<p>\ud83d\udd38Ce\u00a0format a vocation \u00e0 faciliter l&rsquo;utilisation de l&rsquo;attestation. Il ne remet pas en cause le respect tr\u00e8s strict du confinement.<br>\ud83d\udd38Cette mise \u00e0 disposition d&rsquo;un format num\u00e9rique de l&rsquo;attestation vient s&rsquo;ajouter au format papier d\u00e9j\u00e0 existant.<br>\ud83d\udd38L&rsquo;attestation de d\u00e9placement d\u00e9rogatoire au format papier reste valable.<br>\ud83d\udd38Pas de collecte des donn\u00e9es personnelles &amp; pas de fichier constitu\u00e9.<\/p>\n\n\n\n<p>Voici le lien :<\/p>\n\n\n\n<p><a href=\"https:\/\/media.interieur.gouv.fr\/deplacement-covid-19\/\">https:\/\/media.interieur.gouv.fr\/deplacement-covid-19\/<\/a><\/p>\n\n\n\n<p>Nous vous souhaitons \u00e0 toutes et \u00e0 tous une bonne semaine.<\/p>\n\n\n\n<p><\/p>\n","protected":false},"excerpt":{"rendered":"<p>A partir de ce jour, 6 avril, \u00e0 8h, l&rsquo;attestation de d\u00e9placement d\u00e9rogatoire peut \u00eatre g\u00e9n\u00e9r\u00e9e au format num\u00e9rique sur<\/p>\n","protected":false},"author":1,"featured_media":105,"comment_status":"open","ping_status":"open","sticky":false,"template":"","format":"standard","meta":{"colormag_page_container_layout":"default_layout","colormag_page_sidebar_layout":"default_layout","footnotes":""},"categories":[4],"tags":[],"class_list":["post-274","post","type-post","status-publish","format-standard","has-post-thumbnail","hentry","category-infos-mairie"],"_links":{"self":[{"href":"https:\/\/jarnac-champagne.fr\/index.php\/wp-json\/wp\/v2\/posts\/274","targetHints":{"allow":["GET"]}}],"collection":[{"href":"https:\/\/jarnac-champagne.fr\/index.php\/wp-json\/wp\/v2\/posts"}],"about":[{"href":"https:\/\/jarnac-champagne.fr\/index.php\/wp-json\/wp\/v2\/types\/post"}],"author":[{"embeddable":true,"href":"https:\/\/jarnac-champagne.fr\/index.php\/wp-json\/wp\/v2\/users\/1"}],"replies":[{"embeddable":true,"href":"https:\/\/jarnac-champagne.fr\/index.php\/wp-json\/wp\/v2\/comments?post=274"}],"version-history":[{"count":1,"href":"https:\/\/jarnac-champagne.fr\/index.php\/wp-json\/wp\/v2\/posts\/274\/revisions"}],"predecessor-version":[{"id":275,"href":"https:\/\/jarnac-champagne.fr\/index.php\/wp-json\/wp\/v2\/posts\/274\/revisions\/275"}],"wp:featuredmedia":[{"embeddable":true,"href":"https:\/\/jarnac-champagne.fr\/index.php\/wp-json\/wp\/v2\/media\/105"}],"wp:attachment":[{"href":"https:\/\/jarnac-champagne.fr\/index.php\/wp-json\/wp\/v2\/media?parent=274"}],"wp:term":[{"taxonomy":"category","embeddable":true,"href":"https:\/\/jarnac-champagne.fr\/index.php\/wp-json\/wp\/v2\/categories?post=274"},{"taxonomy":"post_tag","embeddable":true,"href":"https:\/\/jarnac-champagne.fr\/index.php\/wp-json\/wp\/v2\/tags?post=274"}],"curies":[{"name":"wp","href":"https:\/\/api.w.org\/{rel}","templated":true}]}}