{"id":2753,"date":"2021-11-26T09:51:33","date_gmt":"2021-11-26T08:51:33","guid":{"rendered":"https:\/\/jarnac-champagne.fr\/\/\/?p=2753"},"modified":"2023-07-16T22:26:49","modified_gmt":"2023-07-16T20:26:49","slug":"lutte-contre-le-gaspillage-alimentaire","status":"publish","type":"post","link":"https:\/\/jarnac-champagne.fr\/index.php\/2021\/11\/26\/lutte-contre-le-gaspillage-alimentaire\/","title":{"rendered":"Lutte contre le gaspillage alimentaire"},"content":{"rendered":"\n<p class=\"has-vivid-purple-color has-text-color\">En moyenne, un habitant&nbsp;gaspille <strong>30 kg<\/strong> de nourriture p<strong>ar an.&nbsp;<\/strong><\/p>\n\n\n\n<p class=\"has-pale-pink-color has-text-color\"><strong>Un seul m\u00e9got peut polluer jusqu&rsquo;\u00e0 500 litres d&rsquo;eau.<\/strong><\/p>\n\n\n\n<p class=\"has-vivid-green-cyan-color has-text-color\"><strong>En 2019, les d\u00e9placements en voiture de particuliers repr\u00e9sentaient 51 % des \u00e9missions de gaz \u00e0 effet de serre du secteur des transports, secteur qui repr\u00e9sente \u00e0 lui seul 31 % des \u00e9missions totales.<\/strong><\/p>\n\n\n\n<p>Comme convenu dans le cadre de loi EGALIM, le gaspillage alimentaire est un axe principal. En partenariat avec le service d\u00e9chets et la di\u00e9t\u00e9ticienne de la Communaut\u00e9 des Communes de Haute-Saintonge, le restaurant scolaire a particip\u00e9 \u00e0 une semaine de pes\u00e9e (8 au 12 mars 2021) afin d&rsquo;\u00e9tablir un diagnostic. <\/p>\n\n\n\n<p>Voici le bilan chiffr\u00e9 et une analyse fort int\u00e9ressante pour am\u00e9liorer les choses. L&rsquo;\u00e9ducation alimentaire commence d\u00e8s le plus jeune \u00e2ge. Les \u00e9l\u00e8ves ont la chance de b\u00e9n\u00e9ficier de repas de qualit\u00e9, pr\u00e9par\u00e9s sur place avec essentiellement du fait maison et des produits frais.<\/p>\n\n\n\n<p>Le <strong><span class=\"has-inline-color has-vivid-green-cyan-color\">gaspillage alimentaire produit<\/span><\/strong> par le restaurant scolaire de Jarnac-Champagne atteint une moyenne de<strong><span class=\"has-inline-color has-luminous-vivid-orange-color\"> 93,5 g\/personne<\/span><\/strong> ce qui est <strong>sup\u00e9rieur \u00e0 la moyenne nationale de gaspillage alimentaire<\/strong> dans les \u00e9coles primaires qui est de 70 g\/personne\/repas.<br>Le<strong><span class=\"has-inline-color has-pale-pink-color\"> taux de gaspillage alimentaire<\/span><\/strong> par rapport aux quantit\u00e9s pr\u00e9par\u00e9es est en moyenne de <strong><span class=\"has-inline-color has-luminous-vivid-amber-color\">28%<\/span><\/strong>.<br>La moyenne de gaspillage alimentaire a augment\u00e9 par rapport aux derni\u00e8res pes\u00e9es de 2017 (+9%) cependant, le taux de gaspillage alimentaire a l\u00e9g\u00e8rement diminu\u00e9. Il subsiste un fort gaspillage au niveau du retour assiette.<\/p>\n\n\n<a href=\"https:\/\/jarnac-champagne.fr\/\/\/wp-content\/uploads\/2021\/11\/Bilan-Jarnac-Champagne-1.pdf\" class=\"pdfemb-viewer\" style=\"\" data-width=\"max\" data-height=\"max\" data-toolbar=\"bottom\" data-toolbar-fixed=\"off\">Bilan-Jarnac-Champagne-1<\/a>\n<p class=\"wp-block-pdfemb-pdf-embedder-viewer\"><\/p>\n\n\n\n<p class=\"has-luminous-vivid-orange-color has-text-color\"><mark style=\"background-color:rgba(0, 0, 0, 0)\" class=\"has-inline-color has-black-color\">Voici le bilan de la semaine de pes\u00e9e du 13 au 17 mars 2023.<br>Le <\/mark><mark style=\"background-color:rgba(0, 0, 0, 0)\" class=\"has-inline-color has-vivid-green-cyan-color\"><strong>gaspillage alimentaire produit<\/strong><\/mark><mark style=\"background-color:rgba(0, 0, 0, 0)\" class=\"has-inline-color has-black-color\"><strong> <\/strong>par le restaurant scolaire de Jarnac Champagne atteint<\/mark><br><strong><mark style=\"background-color:rgba(0, 0, 0, 0)\" class=\"has-inline-color has-luminous-vivid-orange-color\">une moyenne de 53,49 g\/personne<\/mark><mark style=\"background-color:rgba(0, 0, 0, 0)\" class=\"has-inline-color has-luminous-vivid-amber-color\"> <\/mark><\/strong><mark style=\"background-color:rgba(0, 0, 0, 0)\" class=\"has-inline-color has-black-color\">ce qui est tr\u00e8s <strong>largement inf\u00e9rieur \u00e0 la moyenne nationale<br>de gaspillage alimentaire <\/strong>dans les \u00e9coles primaires qui est de 110 g\/personne\/repas.<br>Le <\/mark><strong><mark style=\"background-color:rgba(0, 0, 0, 0)\" class=\"has-inline-color has-pale-pink-color\">taux de gaspillage alimentaire <\/mark><\/strong><mark style=\"background-color:rgba(0, 0, 0, 0)\" class=\"has-inline-color has-black-color\">par rapport aux quantit\u00e9s pr\u00e9par\u00e9es est de<strong> <\/strong><\/mark><mark style=\"background-color:rgba(0, 0, 0, 0)\" class=\"has-inline-color has-luminous-vivid-amber-color\"><strong>17%<\/strong><\/mark><mark style=\"background-color:rgba(0, 0, 0, 0)\" class=\"has-inline-color has-black-color\"> , ce qui est<br>\u00e0 prendre en compte. Il y a tr\u00e8s peu de gaspillage alimentaire dans ce restaurant scolaire.<\/mark><\/p>\n\n\n<a href=\"https:\/\/jarnac-champagne.fr\/\/\/wp-content\/uploads\/2021\/11\/2023_Bilan-JarnacChampagne-1.pdf\" class=\"pdfemb-viewer\" style=\"\" data-width=\"max\" data-height=\"max\" data-toolbar=\"bottom\" data-toolbar-fixed=\"off\">2023_Bilan-JarnacChampagne-1<\/a>\n<p class=\"wp-block-pdfemb-pdf-embedder-viewer\"><\/p>\n","protected":false},"excerpt":{"rendered":"<p>En moyenne, un habitant&nbsp;gaspille 30 kg de nourriture par an.&nbsp; Un seul m\u00e9got peut polluer jusqu&rsquo;\u00e0 500 litres d&rsquo;eau. En<\/p>\n","protected":false},"author":1,"featured_media":2755,"comment_status":"open","ping_status":"open","sticky":false,"template":"","format":"standard","meta":{"colormag_page_container_layout":"default_layout","colormag_page_sidebar_layout":"default_layout","footnotes":""},"categories":[29],"tags":[],"class_list":["post-2753","post","type-post","status-publish","format-standard","has-post-thumbnail","hentry","category-bon-a-savoir"],"_links":{"self":[{"href":"https:\/\/jarnac-champagne.fr\/index.php\/wp-json\/wp\/v2\/posts\/2753","targetHints":{"allow":["GET"]}}],"collection":[{"href":"https:\/\/jarnac-champagne.fr\/index.php\/wp-json\/wp\/v2\/posts"}],"about":[{"href":"https:\/\/jarnac-champagne.fr\/index.php\/wp-json\/wp\/v2\/types\/post"}],"author":[{"embeddable":true,"href":"https:\/\/jarnac-champagne.fr\/index.php\/wp-json\/wp\/v2\/users\/1"}],"replies":[{"embeddable":true,"href":"https:\/\/jarnac-champagne.fr\/index.php\/wp-json\/wp\/v2\/comments?post=2753"}],"version-history":[{"count":6,"href":"https:\/\/jarnac-champagne.fr\/index.php\/wp-json\/wp\/v2\/posts\/2753\/revisions"}],"predecessor-version":[{"id":4960,"href":"https:\/\/jarnac-champagne.fr\/index.php\/wp-json\/wp\/v2\/posts\/2753\/revisions\/4960"}],"wp:featuredmedia":[{"embeddable":true,"href":"https:\/\/jarnac-champagne.fr\/index.php\/wp-json\/wp\/v2\/media\/2755"}],"wp:attachment":[{"href":"https:\/\/jarnac-champagne.fr\/index.php\/wp-json\/wp\/v2\/media?parent=2753"}],"wp:term":[{"taxonomy":"category","embeddable":true,"href":"https:\/\/jarnac-champagne.fr\/index.php\/wp-json\/wp\/v2\/categories?post=2753"},{"taxonomy":"post_tag","embeddable":true,"href":"https:\/\/jarnac-champagne.fr\/index.php\/wp-json\/wp\/v2\/tags?post=2753"}],"curies":[{"name":"wp","href":"https:\/\/api.w.org\/{rel}","templated":true}]}}