{"id":2764,"date":"2021-11-29T17:44:22","date_gmt":"2021-11-29T16:44:22","guid":{"rendered":"https:\/\/jarnac-champagne.fr\/\/\/?p=2764"},"modified":"2021-11-29T17:44:23","modified_gmt":"2021-11-29T16:44:23","slug":"obligation-de-port-du-masque-et-passe-sanitaire-en-charente-maritime","status":"publish","type":"post","link":"https:\/\/jarnac-champagne.fr\/index.php\/2021\/11\/29\/obligation-de-port-du-masque-et-passe-sanitaire-en-charente-maritime\/","title":{"rendered":"OBLIGATION DE PORT DU MASQUE ET PASSE SANITAIRE EN CHARENTE-MARITIME\u00a0"},"content":{"rendered":"\n<p><strong><span class=\"has-inline-color has-vivid-green-cyan-color\">COMMUNIQUE DE LA PR\u00c9FECTURE<\/span>\u00a0<\/strong><\/p>\n\n\n\n<p>La Charente-Maritime conna\u00eet une forte augmentation de la circulation virale depuis la fin du mois d\u2019octobre, avec un taux incidence s\u2019\u00e9tablissant ce jour \u00e0 203,4 cas pour 100 000 habitants. Compte tenu de cette situation, le pr\u00e9fet de la Charente-Maritime a sign\u00e9 ce jour un nouvel arr\u00eat\u00e9 pr\u00e9cisant les modalit\u00e9s applicables concernant le port du masque de protection.&nbsp;&nbsp;<\/p>\n\n\n\n<p>Ainsi, <strong>du mardi 30 novembre jusqu\u2019au vendredi 17 d\u00e9cembre 2021 inclus, dans toutes les communes du d\u00e9partement, le port du masque redevient obligatoire pour toute personne de plus de onze ans dans les p\u00e9rim\u00e8tres suivants <\/strong>:&nbsp;<\/p>\n\n\n\n<p>\u2022 les march\u00e9s alimentaires et non-alimentaires, dont les march\u00e9s de No\u00ebl, les brocantes et vide greniers, les foires et f\u00eates foraines, les ventes au d\u00e9ballage ;&nbsp;<\/p>\n\n\n\n<p>\u2022 tout rassemblement public g\u00e9n\u00e9rant un regroupement important de population : manifestations sur la voie publique d\u00e9clar\u00e9es, festival, spectacle de rue, feux d\u2019artifice, concerts en plein-air, \u00e9v\u00e9nements sportifs de plein-air, \u00e9v\u00e8nements publics (inaugurations, c\u00e9r\u00e9monies\u2026) ;&nbsp;<\/p>\n\n\n\n<p>\u2022 les files d\u2019attente ;&nbsp;<\/p>\n\n\n\n<p>\u2022 les abords des gares, a\u00e9roport, ports, abris bus (rayon de 50 m) ;&nbsp;<\/p>\n\n\n\n<p>\u2022 les transports publics ;&nbsp;<\/p>\n\n\n\n<p>\u2022 les abords des centres commerciaux aux heures de forte affluence (rayon de 50 m) ; \u2022 les abords des lieux de culte au moment des offices (rayon de 50 m) ;&nbsp;<\/p>\n\n\n\n<p>\u2022 les abords des accueils collectifs de mineurs (rayon de 50 m) ;&nbsp;<\/p>\n\n\n\n<p>\u2022 les abords des centres de vaccination, des \u00e9tablissements m\u00e9dico-sociaux et des h\u00f4pitaux (rayon de 50 m) ;&nbsp;<\/p>\n\n\n\n<p>\u2022 les abords des \u00e9tablissements scolaires, des \u00e9tablissements d\u2019enseignement sup\u00e9rieur et professionnel, du lundi au vendredi de 7h \u00e0 19h (rayon de 50 m).&nbsp;<\/p>\n\n\n\n<p><strong>De plus, en concertation avec le maire, l\u2019obligation de port du masque est r\u00e9tablie sur l\u2019ensemble du territoire de La Rochelle.&nbsp;&nbsp;<\/strong><\/p>\n\n\n\n<p>L\u2019arr\u00eat\u00e9 est consultable sur le site internet des services de l\u2019\u00c9tat : <a href=\"https:\/\/www.charente-maritime.gouv.fr\/ \">https:\/\/www.charente-maritime.gouv.fr\/ <\/a>Par ailleurs, le pr\u00e9fet rappelle que <strong>de nouvelles mesures nationales ont \u00e9t\u00e9 prises :\u00a0\u00a0<\/strong><\/p>\n\n\n\n<p>\u2022 <strong>dans les \u00e9tablissements soumis \u00e0 l\u2019obligation de pr\u00e9senter le passe sanitaire, le port du masque est d\u00e9sormais obligatoire ;&nbsp;<\/strong><\/p>\n\n\n\n<p>\u2022 <strong>\u00e0 partir du 15 d\u00e9cembre 2021, le passe sera d\u00e9sactiv\u00e9 pour les 65 ans et plus si un rappel du vaccin n\u2019a pas \u00e9t\u00e9 fait dans un d\u00e9lai de sept mois apr\u00e8s la&nbsp;&nbsp;<\/strong><\/p>\n\n\n\n<p><strong>derni\u00e8re injection <\/strong>(ou sept mois apr\u00e8s l\u2019infection au Covid-19) ;&nbsp;&nbsp;<\/p>\n\n\n\n<p>\u2022 <strong>\u00e0 partir du 15 janvier 2022, le passe sera invalide pour les autres tranches d\u2019\u00e2ge de 18 \u00e0 64 ans si&nbsp; le rappel n\u2019a pas \u00e9t\u00e9 fait dans ce m\u00eame d\u00e9lai de sept mois apr\u00e8s la derni\u00e8re injection ;&nbsp;<\/strong><\/p>\n\n\n\n<p>\u2022 <strong>\u00e0 compter du 29 novembre, la dur\u00e9e de validit\u00e9 des tests RT-PCR et antig\u00e9niques est r\u00e9duite \u00e0&nbsp; 24h.&nbsp;<\/strong><\/p>\n\n\n\n<p><strong>Enfin, les march\u00e9s de No\u00ebl, consid\u00e9r\u00e9s comme des \u00e9v\u00e9nements festifs, sont soumis \u00e0 l\u2019obligation de pr\u00e9senter le passe sanitaire et de port du masque.&nbsp;<\/strong><\/p>\n\n\n\n<p>Le pr\u00e9fet en appelle \u00e0 la responsabilit\u00e9 de tous pour que les gestes barri\u00e8res continuent d\u2019\u00eatre scrupuleusement respect\u00e9s lorsque les risques de contamination sont les plus \u00e9lev\u00e9s. La plus grande vigilance doit continuer \u00e0 \u00eatre observ\u00e9e afin de freiner la reprise \u00e9pid\u00e9mique et soulager le syst\u00e8me hospitalier.&nbsp;<\/p>\n","protected":false},"excerpt":{"rendered":"<p>COMMUNIQUE DE LA PR\u00c9FECTURE\u00a0 La Charente-Maritime conna\u00eet une forte augmentation de la circulation virale depuis la fin du mois d\u2019octobre,<\/p>\n","protected":false},"author":1,"featured_media":365,"comment_status":"open","ping_status":"open","sticky":false,"template":"","format":"standard","meta":{"colormag_page_container_layout":"default_layout","colormag_page_sidebar_layout":"default_layout","footnotes":""},"categories":[9,4],"tags":[],"class_list":["post-2764","post","type-post","status-publish","format-standard","has-post-thumbnail","hentry","category-informations-diverses","category-infos-mairie"],"_links":{"self":[{"href":"https:\/\/jarnac-champagne.fr\/index.php\/wp-json\/wp\/v2\/posts\/2764","targetHints":{"allow":["GET"]}}],"collection":[{"href":"https:\/\/jarnac-champagne.fr\/index.php\/wp-json\/wp\/v2\/posts"}],"about":[{"href":"https:\/\/jarnac-champagne.fr\/index.php\/wp-json\/wp\/v2\/types\/post"}],"author":[{"embeddable":true,"href":"https:\/\/jarnac-champagne.fr\/index.php\/wp-json\/wp\/v2\/users\/1"}],"replies":[{"embeddable":true,"href":"https:\/\/jarnac-champagne.fr\/index.php\/wp-json\/wp\/v2\/comments?post=2764"}],"version-history":[{"count":1,"href":"https:\/\/jarnac-champagne.fr\/index.php\/wp-json\/wp\/v2\/posts\/2764\/revisions"}],"predecessor-version":[{"id":2765,"href":"https:\/\/jarnac-champagne.fr\/index.php\/wp-json\/wp\/v2\/posts\/2764\/revisions\/2765"}],"wp:featuredmedia":[{"embeddable":true,"href":"https:\/\/jarnac-champagne.fr\/index.php\/wp-json\/wp\/v2\/media\/365"}],"wp:attachment":[{"href":"https:\/\/jarnac-champagne.fr\/index.php\/wp-json\/wp\/v2\/media?parent=2764"}],"wp:term":[{"taxonomy":"category","embeddable":true,"href":"https:\/\/jarnac-champagne.fr\/index.php\/wp-json\/wp\/v2\/categories?post=2764"},{"taxonomy":"post_tag","embeddable":true,"href":"https:\/\/jarnac-champagne.fr\/index.php\/wp-json\/wp\/v2\/tags?post=2764"}],"curies":[{"name":"wp","href":"https:\/\/api.w.org\/{rel}","templated":true}]}}