{"id":279,"date":"2020-04-09T09:21:22","date_gmt":"2020-04-09T07:21:22","guid":{"rendered":"https:\/\/jarnac-champagne.fr\/\/\/?p=279"},"modified":"2020-04-09T09:21:23","modified_gmt":"2020-04-09T07:21:23","slug":"masques-aides-a-domicile","status":"publish","type":"post","link":"https:\/\/jarnac-champagne.fr\/index.php\/2020\/04\/09\/masques-aides-a-domicile\/","title":{"rendered":"Masques aides \u00e0 domicile"},"content":{"rendered":"\n<p>En cette p\u00e9riode de crise, le D\u00e9partement et l\u2019Agence R\u00e9gionale de Sant\u00e9 de la Charente-Maritime sont fortement mobilis\u00e9s dans l&rsquo;accompagnement des structures m\u00e9dico-sociales et des diff\u00e9rents professionnels comme <strong>les aides \u00e0 domicile qui travaillent aupr\u00e8s des personnes \u00e2g\u00e9es et handicap\u00e9es.<\/strong><\/p>\n\n\n\n<p>Ces professionnels interviennent aupr\u00e8s des personnes \u00e2g\u00e9es ou handicap\u00e9es <strong>pour des actes essentiels de la vie quotidienne<\/strong> :<br>l\u2019alimentation, la toilette, les changes, l\u2019aide aux levers et aux couchers.<br><br>Aussi, les professionnels, employ\u00e9s directement par une personne \u00e2g\u00e9e ou handicap\u00e9e, b\u00e9n\u00e9ficiaire de l\u2019Allocation Personnalis\u00e9e d\u2019Autonomie (APA) ou de la Prestation de Compensation du Handicap (PCH), <strong>peuvent b\u00e9n\u00e9ficier de masques<\/strong> pour leurs interventions \u00e0 domicile.<\/p>\n\n\n\n<p>Condition et mode d&rsquo;attribution de masques pour les aides \u00e0 domicile dans le courrier ci-dessous.<\/p>\n\n\n<a href=\"https:\/\/jarnac-champagne.fr\/\/\/wp-content\/uploads\/2020\/04\/08.04.2020-CP9-MASQUES-AIDES-DOMICILES-COVID19.pdf\" class=\"pdfemb-viewer\" style=\"\" data-width=\"max\" data-height=\"max\" data-toolbar=\"bottom\" data-toolbar-fixed=\"off\">08.04.2020-CP9-MASQUES-AIDES-DOMICILES-COVID19<\/a>\n<p class=\"wp-block-pdfemb-pdf-embedder-viewer\"><\/p>\n\n\n\n<p><\/p>\n","protected":false},"excerpt":{"rendered":"<p>En cette p\u00e9riode de crise, le D\u00e9partement et l\u2019Agence R\u00e9gionale de Sant\u00e9 de la Charente-Maritime sont fortement mobilis\u00e9s dans l&rsquo;accompagnement<\/p>\n","protected":false},"author":1,"featured_media":105,"comment_status":"open","ping_status":"open","sticky":false,"template":"","format":"standard","meta":{"colormag_page_container_layout":"default_layout","colormag_page_sidebar_layout":"default_layout","footnotes":""},"categories":[4],"tags":[],"class_list":["post-279","post","type-post","status-publish","format-standard","has-post-thumbnail","hentry","category-infos-mairie"],"_links":{"self":[{"href":"https:\/\/jarnac-champagne.fr\/index.php\/wp-json\/wp\/v2\/posts\/279","targetHints":{"allow":["GET"]}}],"collection":[{"href":"https:\/\/jarnac-champagne.fr\/index.php\/wp-json\/wp\/v2\/posts"}],"about":[{"href":"https:\/\/jarnac-champagne.fr\/index.php\/wp-json\/wp\/v2\/types\/post"}],"author":[{"embeddable":true,"href":"https:\/\/jarnac-champagne.fr\/index.php\/wp-json\/wp\/v2\/users\/1"}],"replies":[{"embeddable":true,"href":"https:\/\/jarnac-champagne.fr\/index.php\/wp-json\/wp\/v2\/comments?post=279"}],"version-history":[{"count":1,"href":"https:\/\/jarnac-champagne.fr\/index.php\/wp-json\/wp\/v2\/posts\/279\/revisions"}],"predecessor-version":[{"id":281,"href":"https:\/\/jarnac-champagne.fr\/index.php\/wp-json\/wp\/v2\/posts\/279\/revisions\/281"}],"wp:featuredmedia":[{"embeddable":true,"href":"https:\/\/jarnac-champagne.fr\/index.php\/wp-json\/wp\/v2\/media\/105"}],"wp:attachment":[{"href":"https:\/\/jarnac-champagne.fr\/index.php\/wp-json\/wp\/v2\/media?parent=279"}],"wp:term":[{"taxonomy":"category","embeddable":true,"href":"https:\/\/jarnac-champagne.fr\/index.php\/wp-json\/wp\/v2\/categories?post=279"},{"taxonomy":"post_tag","embeddable":true,"href":"https:\/\/jarnac-champagne.fr\/index.php\/wp-json\/wp\/v2\/tags?post=279"}],"curies":[{"name":"wp","href":"https:\/\/api.w.org\/{rel}","templated":true}]}}