{"id":2871,"date":"2022-01-06T20:10:02","date_gmt":"2022-01-06T19:10:02","guid":{"rendered":"https:\/\/jarnac-champagne.fr\/\/\/?p=2871"},"modified":"2022-01-06T20:10:03","modified_gmt":"2022-01-06T19:10:03","slug":"aurore-et-ses-papilles","status":"publish","type":"post","link":"https:\/\/jarnac-champagne.fr\/index.php\/2022\/01\/06\/aurore-et-ses-papilles\/","title":{"rendered":"Aurore et ses Papilles"},"content":{"rendered":"\n<p>A compter d&rsquo;aujourd&rsquo;hui, <strong><span class=\"has-inline-color has-vivid-green-cyan-color\">Aurore et ses Papilles (vente de p\u00e2tisseries)<\/span><\/strong> install\u00e9e le dimanche matin devant la boucherie sera pr\u00e9sente <strong><span class=\"has-inline-color has-luminous-vivid-orange-color\">le 1er dimanche et le 3\u00e8me dimanche de chaque mois.<\/span><\/strong><\/p>\n","protected":false},"excerpt":{"rendered":"<p>A compter d&rsquo;aujourd&rsquo;hui, Aurore et ses Papilles (vente de p\u00e2tisseries) install\u00e9e le dimanche matin devant la boucherie sera pr\u00e9sente le<\/p>\n","protected":false},"author":1,"featured_media":2878,"comment_status":"open","ping_status":"open","sticky":false,"template":"","format":"standard","meta":{"colormag_page_container_layout":"default_layout","colormag_page_sidebar_layout":"default_layout","footnotes":""},"categories":[19],"tags":[],"class_list":["post-2871","post","type-post","status-publish","format-standard","has-post-thumbnail","hentry","category-commerces"],"_links":{"self":[{"href":"https:\/\/jarnac-champagne.fr\/index.php\/wp-json\/wp\/v2\/posts\/2871","targetHints":{"allow":["GET"]}}],"collection":[{"href":"https:\/\/jarnac-champagne.fr\/index.php\/wp-json\/wp\/v2\/posts"}],"about":[{"href":"https:\/\/jarnac-champagne.fr\/index.php\/wp-json\/wp\/v2\/types\/post"}],"author":[{"embeddable":true,"href":"https:\/\/jarnac-champagne.fr\/index.php\/wp-json\/wp\/v2\/users\/1"}],"replies":[{"embeddable":true,"href":"https:\/\/jarnac-champagne.fr\/index.php\/wp-json\/wp\/v2\/comments?post=2871"}],"version-history":[{"count":1,"href":"https:\/\/jarnac-champagne.fr\/index.php\/wp-json\/wp\/v2\/posts\/2871\/revisions"}],"predecessor-version":[{"id":2872,"href":"https:\/\/jarnac-champagne.fr\/index.php\/wp-json\/wp\/v2\/posts\/2871\/revisions\/2872"}],"wp:featuredmedia":[{"embeddable":true,"href":"https:\/\/jarnac-champagne.fr\/index.php\/wp-json\/wp\/v2\/media\/2878"}],"wp:attachment":[{"href":"https:\/\/jarnac-champagne.fr\/index.php\/wp-json\/wp\/v2\/media?parent=2871"}],"wp:term":[{"taxonomy":"category","embeddable":true,"href":"https:\/\/jarnac-champagne.fr\/index.php\/wp-json\/wp\/v2\/categories?post=2871"},{"taxonomy":"post_tag","embeddable":true,"href":"https:\/\/jarnac-champagne.fr\/index.php\/wp-json\/wp\/v2\/tags?post=2871"}],"curies":[{"name":"wp","href":"https:\/\/api.w.org\/{rel}","templated":true}]}}