{"id":2931,"date":"2022-01-23T18:04:20","date_gmt":"2022-01-23T17:04:20","guid":{"rendered":"https:\/\/jarnac-champagne.fr\/\/\/?p=2931"},"modified":"2022-01-31T19:03:51","modified_gmt":"2022-01-31T18:03:51","slug":"informations-travaux-assainissement-collectif","status":"publish","type":"post","link":"https:\/\/jarnac-champagne.fr\/index.php\/2022\/01\/23\/informations-travaux-assainissement-collectif\/","title":{"rendered":"Informations : Travaux assainissement collectif"},"content":{"rendered":"\n<p>En raison du d\u00e9marrage des travaux li\u00e9s \u00e0 la mise en place de l&rsquo;assainissement collectif, dans la mesure du possible, nous essaierons de vous informer le plus pr\u00e9cis\u00e9ment et le plus t\u00f4t possible des perturbations de circulation selon l&rsquo;avancement du chantier.<\/p>\n\n\n\n<p>Site Internet, Page Facebook, panneau d&rsquo;informations, application Panneau Pocket, vous devriez trouver votre bonheur.<\/p>\n\n\n\n<p>Pas d\u2019inqui\u00e9tude, personne ne sera bloqu\u00e9 sans pouvoir sortir de chez lui&#8230;Il y aura toujours une solution.<\/p>\n\n\n\n<p><span class=\"has-inline-color has-luminous-vivid-amber-color\"><strong>Semaine du lundi 31\/01 au vendredi 04\/02: <\/strong><\/span><strong><span class=\"has-inline-color has-luminous-vivid-amber-color\">Perturbations \u00e0 pr\u00e9voir pour les riverains \u00ab\u00a0Chez Arbouin\u00a0\u00bb.<\/span><\/strong><\/p>\n","protected":false},"excerpt":{"rendered":"<p>En raison du d\u00e9marrage des travaux li\u00e9s \u00e0 la mise en place de l&rsquo;assainissement collectif, dans la mesure du possible,<\/p>\n","protected":false},"author":1,"featured_media":2882,"comment_status":"open","ping_status":"open","sticky":false,"template":"","format":"standard","meta":{"colormag_page_container_layout":"default_layout","colormag_page_sidebar_layout":"default_layout","footnotes":""},"categories":[4],"tags":[],"class_list":["post-2931","post","type-post","status-publish","format-standard","has-post-thumbnail","hentry","category-infos-mairie"],"_links":{"self":[{"href":"https:\/\/jarnac-champagne.fr\/index.php\/wp-json\/wp\/v2\/posts\/2931","targetHints":{"allow":["GET"]}}],"collection":[{"href":"https:\/\/jarnac-champagne.fr\/index.php\/wp-json\/wp\/v2\/posts"}],"about":[{"href":"https:\/\/jarnac-champagne.fr\/index.php\/wp-json\/wp\/v2\/types\/post"}],"author":[{"embeddable":true,"href":"https:\/\/jarnac-champagne.fr\/index.php\/wp-json\/wp\/v2\/users\/1"}],"replies":[{"embeddable":true,"href":"https:\/\/jarnac-champagne.fr\/index.php\/wp-json\/wp\/v2\/comments?post=2931"}],"version-history":[{"count":2,"href":"https:\/\/jarnac-champagne.fr\/index.php\/wp-json\/wp\/v2\/posts\/2931\/revisions"}],"predecessor-version":[{"id":2937,"href":"https:\/\/jarnac-champagne.fr\/index.php\/wp-json\/wp\/v2\/posts\/2931\/revisions\/2937"}],"wp:featuredmedia":[{"embeddable":true,"href":"https:\/\/jarnac-champagne.fr\/index.php\/wp-json\/wp\/v2\/media\/2882"}],"wp:attachment":[{"href":"https:\/\/jarnac-champagne.fr\/index.php\/wp-json\/wp\/v2\/media?parent=2931"}],"wp:term":[{"taxonomy":"category","embeddable":true,"href":"https:\/\/jarnac-champagne.fr\/index.php\/wp-json\/wp\/v2\/categories?post=2931"},{"taxonomy":"post_tag","embeddable":true,"href":"https:\/\/jarnac-champagne.fr\/index.php\/wp-json\/wp\/v2\/tags?post=2931"}],"curies":[{"name":"wp","href":"https:\/\/api.w.org\/{rel}","templated":true}]}}