{"id":2946,"date":"2022-02-03T20:27:25","date_gmt":"2022-02-03T19:27:25","guid":{"rendered":"https:\/\/jarnac-champagne.fr\/\/\/?p=2946"},"modified":"2022-02-03T20:27:27","modified_gmt":"2022-02-03T19:27:27","slug":"centre-de-vaccination-mobile","status":"publish","type":"post","link":"https:\/\/jarnac-champagne.fr\/index.php\/2022\/02\/03\/centre-de-vaccination-mobile\/","title":{"rendered":"Centre de vaccination mobile"},"content":{"rendered":"\n<p>Vendredi 28 janvier, le centre de vaccination mobile \u00e9tait pr\u00e9sent dans la salle polyvalente de 10h \u00e0 20h. Merci au Commandant Laurent Mignot et \u00e0 toute son \u00e9quipe. Une organisation parfaite et impressionnante. En peu de temps, c&rsquo;est un v\u00e9ritable centre de vaccination qui se met en place. Bienveillance et sens de l&rsquo;accueil pour ces hommes et ces femmes . MERCI \u00e0 vous mesdames et messieurs pour votre d\u00e9vouement et ce service offert tout au long de la journ\u00e9e sur notre commune.<\/p>\n\n\n\n<figure class=\"wp-block-gallery columns-3 is-cropped wp-block-gallery-1 is-layout-flex wp-block-gallery-is-layout-flex\"><ul class=\"blocks-gallery-grid\"><li class=\"blocks-gallery-item\"><figure><img loading=\"lazy\" decoding=\"async\" width=\"1024\" height=\"570\" src=\"https:\/\/jarnac-champagne.fr\/\/\/wp-content\/uploads\/2022\/02\/Centre_Vaccination_28-01-222.jpg\" alt=\"\" data-id=\"2948\" data-full-url=\"https:\/\/jarnac-champagne.fr\/\/\/wp-content\/uploads\/2022\/02\/Centre_Vaccination_28-01-222.jpg\" data-link=\"https:\/\/jarnac-champagne.fr\/\/\/?attachment_id=2948\" class=\"wp-image-2948\" srcset=\"https:\/\/jarnac-champagne.fr\/wp-content\/uploads\/2022\/02\/Centre_Vaccination_28-01-222.jpg 1024w, https:\/\/jarnac-champagne.fr\/wp-content\/uploads\/2022\/02\/Centre_Vaccination_28-01-222-300x167.jpg 300w, https:\/\/jarnac-champagne.fr\/wp-content\/uploads\/2022\/02\/Centre_Vaccination_28-01-222-768x428.jpg 768w, https:\/\/jarnac-champagne.fr\/wp-content\/uploads\/2022\/02\/Centre_Vaccination_28-01-222-800x445.jpg 800w\" sizes=\"auto, (max-width: 1024px) 100vw, 1024px\" \/><\/figure><\/li><li class=\"blocks-gallery-item\"><figure><img loading=\"lazy\" decoding=\"async\" width=\"1024\" height=\"798\" src=\"https:\/\/jarnac-champagne.fr\/\/\/wp-content\/uploads\/2022\/02\/Centre_Vaccination_28-01-223.jpg\" alt=\"\" data-id=\"2949\" data-full-url=\"https:\/\/jarnac-champagne.fr\/\/\/wp-content\/uploads\/2022\/02\/Centre_Vaccination_28-01-223.jpg\" data-link=\"https:\/\/jarnac-champagne.fr\/\/\/?attachment_id=2949\" class=\"wp-image-2949\" srcset=\"https:\/\/jarnac-champagne.fr\/wp-content\/uploads\/2022\/02\/Centre_Vaccination_28-01-223.jpg 1024w, https:\/\/jarnac-champagne.fr\/wp-content\/uploads\/2022\/02\/Centre_Vaccination_28-01-223-300x234.jpg 300w, https:\/\/jarnac-champagne.fr\/wp-content\/uploads\/2022\/02\/Centre_Vaccination_28-01-223-768x599.jpg 768w\" sizes=\"auto, (max-width: 1024px) 100vw, 1024px\" \/><\/figure><\/li><li class=\"blocks-gallery-item\"><figure><img loading=\"lazy\" decoding=\"async\" width=\"1024\" height=\"768\" src=\"https:\/\/jarnac-champagne.fr\/\/\/wp-content\/uploads\/2022\/02\/Centre_Vaccination_28-01-224.jpg\" alt=\"\" data-id=\"2950\" data-full-url=\"https:\/\/jarnac-champagne.fr\/\/\/wp-content\/uploads\/2022\/02\/Centre_Vaccination_28-01-224.jpg\" data-link=\"https:\/\/jarnac-champagne.fr\/\/\/?attachment_id=2950\" class=\"wp-image-2950\" srcset=\"https:\/\/jarnac-champagne.fr\/wp-content\/uploads\/2022\/02\/Centre_Vaccination_28-01-224.jpg 1024w, https:\/\/jarnac-champagne.fr\/wp-content\/uploads\/2022\/02\/Centre_Vaccination_28-01-224-300x225.jpg 300w, https:\/\/jarnac-champagne.fr\/wp-content\/uploads\/2022\/02\/Centre_Vaccination_28-01-224-768x576.jpg 768w\" sizes=\"auto, (max-width: 1024px) 100vw, 1024px\" \/><\/figure><\/li><li class=\"blocks-gallery-item\"><figure><img loading=\"lazy\" decoding=\"async\" width=\"960\" height=\"720\" src=\"https:\/\/jarnac-champagne.fr\/\/\/wp-content\/uploads\/2022\/02\/Centre_Vaccination_28-01-221.jpg\" alt=\"\" data-id=\"2947\" data-full-url=\"https:\/\/jarnac-champagne.fr\/\/\/wp-content\/uploads\/2022\/02\/Centre_Vaccination_28-01-221.jpg\" data-link=\"https:\/\/jarnac-champagne.fr\/\/\/?attachment_id=2947\" class=\"wp-image-2947\" srcset=\"https:\/\/jarnac-champagne.fr\/wp-content\/uploads\/2022\/02\/Centre_Vaccination_28-01-221.jpg 960w, https:\/\/jarnac-champagne.fr\/wp-content\/uploads\/2022\/02\/Centre_Vaccination_28-01-221-300x225.jpg 300w, https:\/\/jarnac-champagne.fr\/wp-content\/uploads\/2022\/02\/Centre_Vaccination_28-01-221-768x576.jpg 768w\" sizes=\"auto, (max-width: 960px) 100vw, 960px\" \/><\/figure><\/li><\/ul><\/figure>\n","protected":false},"excerpt":{"rendered":"<p>Vendredi 28 janvier, le centre de vaccination mobile \u00e9tait pr\u00e9sent dans la salle polyvalente de 10h \u00e0 20h. Merci au<\/p>\n","protected":false},"author":1,"featured_media":105,"comment_status":"open","ping_status":"open","sticky":false,"template":"","format":"standard","meta":{"colormag_page_container_layout":"default_layout","colormag_page_sidebar_layout":"default_layout","footnotes":""},"categories":[4],"tags":[],"class_list":["post-2946","post","type-post","status-publish","format-standard","has-post-thumbnail","hentry","category-infos-mairie"],"_links":{"self":[{"href":"https:\/\/jarnac-champagne.fr\/index.php\/wp-json\/wp\/v2\/posts\/2946","targetHints":{"allow":["GET"]}}],"collection":[{"href":"https:\/\/jarnac-champagne.fr\/index.php\/wp-json\/wp\/v2\/posts"}],"about":[{"href":"https:\/\/jarnac-champagne.fr\/index.php\/wp-json\/wp\/v2\/types\/post"}],"author":[{"embeddable":true,"href":"https:\/\/jarnac-champagne.fr\/index.php\/wp-json\/wp\/v2\/users\/1"}],"replies":[{"embeddable":true,"href":"https:\/\/jarnac-champagne.fr\/index.php\/wp-json\/wp\/v2\/comments?post=2946"}],"version-history":[{"count":1,"href":"https:\/\/jarnac-champagne.fr\/index.php\/wp-json\/wp\/v2\/posts\/2946\/revisions"}],"predecessor-version":[{"id":2951,"href":"https:\/\/jarnac-champagne.fr\/index.php\/wp-json\/wp\/v2\/posts\/2946\/revisions\/2951"}],"wp:featuredmedia":[{"embeddable":true,"href":"https:\/\/jarnac-champagne.fr\/index.php\/wp-json\/wp\/v2\/media\/105"}],"wp:attachment":[{"href":"https:\/\/jarnac-champagne.fr\/index.php\/wp-json\/wp\/v2\/media?parent=2946"}],"wp:term":[{"taxonomy":"category","embeddable":true,"href":"https:\/\/jarnac-champagne.fr\/index.php\/wp-json\/wp\/v2\/categories?post=2946"},{"taxonomy":"post_tag","embeddable":true,"href":"https:\/\/jarnac-champagne.fr\/index.php\/wp-json\/wp\/v2\/tags?post=2946"}],"curies":[{"name":"wp","href":"https:\/\/api.w.org\/{rel}","templated":true}]}}