{"id":2965,"date":"2022-02-04T13:18:48","date_gmt":"2022-02-04T12:18:48","guid":{"rendered":"https:\/\/jarnac-champagne.fr\/\/\/?p=2965"},"modified":"2022-02-04T13:18:49","modified_gmt":"2022-02-04T12:18:49","slug":"restauration-scolaire","status":"publish","type":"post","link":"https:\/\/jarnac-champagne.fr\/index.php\/2022\/02\/04\/restauration-scolaire\/","title":{"rendered":"RESTAURATION SCOLAIRE"},"content":{"rendered":"\n<p class=\"has-text-align-center\"><strong>NOTE AUX FAMILLES<\/strong><\/p>\n\n\n\n<p>En raison de l\u2019\u00e9pid\u00e9mie qui touche le personnel, nous ne serons pas en mesure d\u2019assurer le service restauration pour la <span class=\"has-inline-color has-luminous-vivid-orange-color\">s<strong>e<\/strong><\/span><strong><span class=\"has-inline-color has-luminous-vivid-orange-color\">maine \u00e0 venir (lundi 07 f\u00e9vrier au vendredi 11 f\u00e9vrier).<\/span><\/strong><\/p>\n\n\n\n<p>Par cons\u00e9quent, nous vous demandons de fournir un <strong>repas froid<\/strong> \u00e0 vos enfants pour ces 4 repas.<\/p>\n\n\n\n<p>Ces repas seront pris dans la salle de restauration qui restera ouverte.<\/p>\n\n\n\n<p>Conscients du d\u00e9sagr\u00e9ment occasionn\u00e9 pour les familles, nous vous remercions de votre compr\u00e9hension.<\/p>\n\n\n\n<p>Christelle NEAU<\/p>\n\n\n\n<p>Pr\u00e9sidente du SIVOS<\/p>\n\n\n\n<p><\/p>\n","protected":false},"excerpt":{"rendered":"<p>NOTE AUX FAMILLES En raison de l\u2019\u00e9pid\u00e9mie qui touche le personnel, nous ne serons pas en mesure d\u2019assurer le service<\/p>\n","protected":false},"author":1,"featured_media":103,"comment_status":"open","ping_status":"open","sticky":false,"template":"","format":"standard","meta":{"colormag_page_container_layout":"default_layout","colormag_page_sidebar_layout":"default_layout","footnotes":""},"categories":[5],"tags":[],"class_list":["post-2965","post","type-post","status-publish","format-standard","has-post-thumbnail","hentry","category-infos-ecole"],"_links":{"self":[{"href":"https:\/\/jarnac-champagne.fr\/index.php\/wp-json\/wp\/v2\/posts\/2965","targetHints":{"allow":["GET"]}}],"collection":[{"href":"https:\/\/jarnac-champagne.fr\/index.php\/wp-json\/wp\/v2\/posts"}],"about":[{"href":"https:\/\/jarnac-champagne.fr\/index.php\/wp-json\/wp\/v2\/types\/post"}],"author":[{"embeddable":true,"href":"https:\/\/jarnac-champagne.fr\/index.php\/wp-json\/wp\/v2\/users\/1"}],"replies":[{"embeddable":true,"href":"https:\/\/jarnac-champagne.fr\/index.php\/wp-json\/wp\/v2\/comments?post=2965"}],"version-history":[{"count":1,"href":"https:\/\/jarnac-champagne.fr\/index.php\/wp-json\/wp\/v2\/posts\/2965\/revisions"}],"predecessor-version":[{"id":2966,"href":"https:\/\/jarnac-champagne.fr\/index.php\/wp-json\/wp\/v2\/posts\/2965\/revisions\/2966"}],"wp:featuredmedia":[{"embeddable":true,"href":"https:\/\/jarnac-champagne.fr\/index.php\/wp-json\/wp\/v2\/media\/103"}],"wp:attachment":[{"href":"https:\/\/jarnac-champagne.fr\/index.php\/wp-json\/wp\/v2\/media?parent=2965"}],"wp:term":[{"taxonomy":"category","embeddable":true,"href":"https:\/\/jarnac-champagne.fr\/index.php\/wp-json\/wp\/v2\/categories?post=2965"},{"taxonomy":"post_tag","embeddable":true,"href":"https:\/\/jarnac-champagne.fr\/index.php\/wp-json\/wp\/v2\/tags?post=2965"}],"curies":[{"name":"wp","href":"https:\/\/api.w.org\/{rel}","templated":true}]}}