{"id":297,"date":"2020-04-13T22:09:34","date_gmt":"2020-04-13T20:09:34","guid":{"rendered":"https:\/\/jarnac-champagne.fr\/\/\/?p=297"},"modified":"2020-04-13T22:09:35","modified_gmt":"2020-04-13T20:09:35","slug":"confinement-et-lien-social","status":"publish","type":"post","link":"https:\/\/jarnac-champagne.fr\/index.php\/2020\/04\/13\/confinement-et-lien-social\/","title":{"rendered":"Confinement et lien social"},"content":{"rendered":"\n<p>Malgr\u00e9 l&rsquo;arriv\u00e9e du printemps, du soleil et des jours plus longs propices aux moments conviviaux entre amis, famille&#8230;<\/p>\n\n\n\n<p>Malgr\u00e9 la dur\u00e9e du confinement qui est longue et co\u00fbteuse pour chacun d&rsquo;entre nous&#8230;<\/p>\n\n\n\n<p><strong>Un petit rappel s&rsquo;impose :<\/strong><\/p>\n\n\n\n<p>Je prends des nouvelles de mes proches<\/p>\n\n\n\n<p><strong>Je reste chez moi, mais :<\/strong><\/p>\n\n\n\n<ul class=\"wp-block-list\"><li>Je peux cr\u00e9er une boucle d\u2019entraide avec mes voisins ;<\/li><li>je peux sortir dans mon jardin, ou ma terrasse ;<\/li><li>je peux t\u00e9l\u00e9phoner ou \u00e9crire \u00e0 mes proches ;<\/li><\/ul>\n\n\n\n<p><strong>En revanche :<\/strong><\/p>\n\n\n\n<p><strong>Je ne dois pas rendre visite \u00e0 mes voisins<\/strong>,<\/p>\n\n\n\n<p><strong>je ne dois pas organiser ni me rendre \u00e0 une r\u00e9union amicale ou familiale,<\/strong><\/p>\n\n\n\n<p><strong>ou pique-niquer.<\/strong><\/p>\n\n\n\n<p><em>Source :<\/em> <a href=\"https:\/\/www.gouvernement.fr\/info-coronavirus\">https:\/\/www.gouvernement.fr\/info-coronavirus<\/a><\/p>\n\n\n\n<p>Nous comptons sur le civisme et le s\u00e9rieux de tous. <strong>SAUVEZ DES VIES, RESTEZ CHEZ VOUS !!!<\/strong><\/p>\n","protected":false},"excerpt":{"rendered":"<p>Malgr\u00e9 l&rsquo;arriv\u00e9e du printemps, du soleil et des jours plus longs propices aux moments conviviaux entre amis, famille&#8230; Malgr\u00e9 la<\/p>\n","protected":false},"author":1,"featured_media":105,"comment_status":"open","ping_status":"open","sticky":false,"template":"","format":"standard","meta":{"colormag_page_container_layout":"default_layout","colormag_page_sidebar_layout":"default_layout","footnotes":""},"categories":[4],"tags":[],"class_list":["post-297","post","type-post","status-publish","format-standard","has-post-thumbnail","hentry","category-infos-mairie"],"_links":{"self":[{"href":"https:\/\/jarnac-champagne.fr\/index.php\/wp-json\/wp\/v2\/posts\/297","targetHints":{"allow":["GET"]}}],"collection":[{"href":"https:\/\/jarnac-champagne.fr\/index.php\/wp-json\/wp\/v2\/posts"}],"about":[{"href":"https:\/\/jarnac-champagne.fr\/index.php\/wp-json\/wp\/v2\/types\/post"}],"author":[{"embeddable":true,"href":"https:\/\/jarnac-champagne.fr\/index.php\/wp-json\/wp\/v2\/users\/1"}],"replies":[{"embeddable":true,"href":"https:\/\/jarnac-champagne.fr\/index.php\/wp-json\/wp\/v2\/comments?post=297"}],"version-history":[{"count":1,"href":"https:\/\/jarnac-champagne.fr\/index.php\/wp-json\/wp\/v2\/posts\/297\/revisions"}],"predecessor-version":[{"id":298,"href":"https:\/\/jarnac-champagne.fr\/index.php\/wp-json\/wp\/v2\/posts\/297\/revisions\/298"}],"wp:featuredmedia":[{"embeddable":true,"href":"https:\/\/jarnac-champagne.fr\/index.php\/wp-json\/wp\/v2\/media\/105"}],"wp:attachment":[{"href":"https:\/\/jarnac-champagne.fr\/index.php\/wp-json\/wp\/v2\/media?parent=297"}],"wp:term":[{"taxonomy":"category","embeddable":true,"href":"https:\/\/jarnac-champagne.fr\/index.php\/wp-json\/wp\/v2\/categories?post=297"},{"taxonomy":"post_tag","embeddable":true,"href":"https:\/\/jarnac-champagne.fr\/index.php\/wp-json\/wp\/v2\/tags?post=297"}],"curies":[{"name":"wp","href":"https:\/\/api.w.org\/{rel}","templated":true}]}}