{"id":3040,"date":"2022-03-01T17:37:40","date_gmt":"2022-03-01T16:37:40","guid":{"rendered":"https:\/\/jarnac-champagne.fr\/\/\/?p=3040"},"modified":"2022-03-01T17:37:41","modified_gmt":"2022-03-01T16:37:41","slug":"solidarite-ukraine","status":"publish","type":"post","link":"https:\/\/jarnac-champagne.fr\/index.php\/2022\/03\/01\/solidarite-ukraine\/","title":{"rendered":"Solidarit\u00e9 UKRAINE"},"content":{"rendered":"\n<p class=\"has-white-color has-vivid-cyan-blue-background-color has-text-color has-background\"><strong>Vous \u00eates nombreux \u00e0 nous interroger sur les possibilit\u00e9s de dons en faveur de l&rsquo;Ukraine. Nous attendons les derni\u00e8res consignes. En partenariat avec la Protection Civile, nous devrions \u00eatre en mesure de vous proposer un point de collecte sur la commune. Nous reviendrons vers vous tr\u00e8s prochainement<\/strong> pour toutes les modalit\u00e9s et la nature des dons.<\/p>\n\n\n\n<p class=\"has-white-color has-luminous-vivid-amber-background-color has-text-color has-background\"><strong>Merci \u00e0 vous tous pour votre bel \u00e9lan de g\u00e9n\u00e9rosit\u00e9 et \u00e0 tr\u00e8s vite.<\/strong><\/p>\n","protected":false},"excerpt":{"rendered":"<p>Vous \u00eates nombreux \u00e0 nous interroger sur les possibilit\u00e9s de dons en faveur de l&rsquo;Ukraine. Nous attendons les derni\u00e8res consignes.<\/p>\n","protected":false},"author":1,"featured_media":105,"comment_status":"open","ping_status":"open","sticky":false,"template":"","format":"standard","meta":{"colormag_page_container_layout":"default_layout","colormag_page_sidebar_layout":"default_layout","footnotes":""},"categories":[4],"tags":[],"class_list":["post-3040","post","type-post","status-publish","format-standard","has-post-thumbnail","hentry","category-infos-mairie"],"_links":{"self":[{"href":"https:\/\/jarnac-champagne.fr\/index.php\/wp-json\/wp\/v2\/posts\/3040","targetHints":{"allow":["GET"]}}],"collection":[{"href":"https:\/\/jarnac-champagne.fr\/index.php\/wp-json\/wp\/v2\/posts"}],"about":[{"href":"https:\/\/jarnac-champagne.fr\/index.php\/wp-json\/wp\/v2\/types\/post"}],"author":[{"embeddable":true,"href":"https:\/\/jarnac-champagne.fr\/index.php\/wp-json\/wp\/v2\/users\/1"}],"replies":[{"embeddable":true,"href":"https:\/\/jarnac-champagne.fr\/index.php\/wp-json\/wp\/v2\/comments?post=3040"}],"version-history":[{"count":1,"href":"https:\/\/jarnac-champagne.fr\/index.php\/wp-json\/wp\/v2\/posts\/3040\/revisions"}],"predecessor-version":[{"id":3041,"href":"https:\/\/jarnac-champagne.fr\/index.php\/wp-json\/wp\/v2\/posts\/3040\/revisions\/3041"}],"wp:featuredmedia":[{"embeddable":true,"href":"https:\/\/jarnac-champagne.fr\/index.php\/wp-json\/wp\/v2\/media\/105"}],"wp:attachment":[{"href":"https:\/\/jarnac-champagne.fr\/index.php\/wp-json\/wp\/v2\/media?parent=3040"}],"wp:term":[{"taxonomy":"category","embeddable":true,"href":"https:\/\/jarnac-champagne.fr\/index.php\/wp-json\/wp\/v2\/categories?post=3040"},{"taxonomy":"post_tag","embeddable":true,"href":"https:\/\/jarnac-champagne.fr\/index.php\/wp-json\/wp\/v2\/tags?post=3040"}],"curies":[{"name":"wp","href":"https:\/\/api.w.org\/{rel}","templated":true}]}}