{"id":3045,"date":"2022-03-01T22:26:26","date_gmt":"2022-03-01T21:26:26","guid":{"rendered":"https:\/\/jarnac-champagne.fr\/\/\/?p=3045"},"modified":"2022-03-01T22:26:47","modified_gmt":"2022-03-01T21:26:47","slug":"mars-bleu","status":"publish","type":"post","link":"https:\/\/jarnac-champagne.fr\/index.php\/2022\/03\/01\/mars-bleu\/","title":{"rendered":"Mars bleu"},"content":{"rendered":"\n<p>Apr\u00e8s Octobre Rose, la Maison de Sant\u00e9, le cabinet de kin\u00e9sith\u00e9rapie et la Mairie changent de couleur&#8230; Place au bleu pour le mois de mars.<\/p>\n\n\n\n<p class=\"has-vivid-cyan-blue-color has-text-color\">Le saviez-vous ?<strong> Mars Ble<\/strong>u est le mois du d\u00e9pistage du cancer colorectal.<\/p>\n\n\n\n<p>Pour en savoir plus : <a href=\"https:\/\/www.ligue-cancer.net\/article\/44966_mars-bleu\">https:\/\/www.ligue-cancer.net\/article\/44966_mars-bleu<\/a><\/p>\n\n\n\n<p>Merci \u00e0 <strong>Val\u00e9rie Bernard, coordinatrice de la Maison de Sant\u00e9<\/strong>, pour son implication. Ces actions men\u00e9es ponctuellement font partie de la pr\u00e9vention. Une belle initiative autour de la sant\u00e9 et un vrai plaisir des yeux !<\/p>\n\n\n\n<figure class=\"wp-block-gallery has-nested-images columns-default is-cropped wp-block-gallery-1 is-layout-flex wp-block-gallery-is-layout-flex\">\n<figure class=\"wp-block-image size-large\"><img loading=\"lazy\" decoding=\"async\" width=\"480\" height=\"360\" data-id=\"3047\" src=\"https:\/\/jarnac-champagne.fr\/\/\/wp-content\/uploads\/2022\/03\/Mars_Bleu_20221.jpg\" alt=\"\" class=\"wp-image-3047\" srcset=\"https:\/\/jarnac-champagne.fr\/wp-content\/uploads\/2022\/03\/Mars_Bleu_20221.jpg 480w, https:\/\/jarnac-champagne.fr\/wp-content\/uploads\/2022\/03\/Mars_Bleu_20221-300x225.jpg 300w\" sizes=\"auto, (max-width: 480px) 100vw, 480px\" \/><\/figure>\n\n\n\n<figure class=\"wp-block-image size-large\"><img loading=\"lazy\" decoding=\"async\" width=\"320\" height=\"240\" data-id=\"3046\" src=\"https:\/\/jarnac-champagne.fr\/\/\/wp-content\/uploads\/2022\/03\/Mars_Bleu_20222.jpg\" alt=\"\" class=\"wp-image-3046\" srcset=\"https:\/\/jarnac-champagne.fr\/wp-content\/uploads\/2022\/03\/Mars_Bleu_20222.jpg 320w, https:\/\/jarnac-champagne.fr\/wp-content\/uploads\/2022\/03\/Mars_Bleu_20222-300x225.jpg 300w\" sizes=\"auto, (max-width: 320px) 100vw, 320px\" \/><\/figure>\n\n\n\n<figure class=\"wp-block-image size-large\"><img loading=\"lazy\" decoding=\"async\" width=\"480\" height=\"360\" data-id=\"3048\" src=\"https:\/\/jarnac-champagne.fr\/\/\/wp-content\/uploads\/2022\/03\/Mars_Bleu_20223.jpg\" alt=\"\" class=\"wp-image-3048\" srcset=\"https:\/\/jarnac-champagne.fr\/wp-content\/uploads\/2022\/03\/Mars_Bleu_20223.jpg 480w, https:\/\/jarnac-champagne.fr\/wp-content\/uploads\/2022\/03\/Mars_Bleu_20223-300x225.jpg 300w\" sizes=\"auto, (max-width: 480px) 100vw, 480px\" \/><\/figure>\n<\/figure>\n","protected":false},"excerpt":{"rendered":"<p>Apr\u00e8s Octobre Rose, la Maison de Sant\u00e9, le cabinet de kin\u00e9sith\u00e9rapie et la Mairie changent de couleur&#8230; Place au bleu<\/p>\n","protected":false},"author":1,"featured_media":922,"comment_status":"open","ping_status":"open","sticky":false,"template":"","format":"standard","meta":{"colormag_page_container_layout":"default_layout","colormag_page_sidebar_layout":"default_layout","footnotes":""},"categories":[18],"tags":[],"class_list":["post-3045","post","type-post","status-publish","format-standard","has-post-thumbnail","hentry","category-infos-sante"],"_links":{"self":[{"href":"https:\/\/jarnac-champagne.fr\/index.php\/wp-json\/wp\/v2\/posts\/3045","targetHints":{"allow":["GET"]}}],"collection":[{"href":"https:\/\/jarnac-champagne.fr\/index.php\/wp-json\/wp\/v2\/posts"}],"about":[{"href":"https:\/\/jarnac-champagne.fr\/index.php\/wp-json\/wp\/v2\/types\/post"}],"author":[{"embeddable":true,"href":"https:\/\/jarnac-champagne.fr\/index.php\/wp-json\/wp\/v2\/users\/1"}],"replies":[{"embeddable":true,"href":"https:\/\/jarnac-champagne.fr\/index.php\/wp-json\/wp\/v2\/comments?post=3045"}],"version-history":[{"count":1,"href":"https:\/\/jarnac-champagne.fr\/index.php\/wp-json\/wp\/v2\/posts\/3045\/revisions"}],"predecessor-version":[{"id":3049,"href":"https:\/\/jarnac-champagne.fr\/index.php\/wp-json\/wp\/v2\/posts\/3045\/revisions\/3049"}],"wp:featuredmedia":[{"embeddable":true,"href":"https:\/\/jarnac-champagne.fr\/index.php\/wp-json\/wp\/v2\/media\/922"}],"wp:attachment":[{"href":"https:\/\/jarnac-champagne.fr\/index.php\/wp-json\/wp\/v2\/media?parent=3045"}],"wp:term":[{"taxonomy":"category","embeddable":true,"href":"https:\/\/jarnac-champagne.fr\/index.php\/wp-json\/wp\/v2\/categories?post=3045"},{"taxonomy":"post_tag","embeddable":true,"href":"https:\/\/jarnac-champagne.fr\/index.php\/wp-json\/wp\/v2\/tags?post=3045"}],"curies":[{"name":"wp","href":"https:\/\/api.w.org\/{rel}","templated":true}]}}