{"id":3081,"date":"2022-03-09T08:26:49","date_gmt":"2022-03-09T07:26:49","guid":{"rendered":"https:\/\/jarnac-champagne.fr\/\/\/?p=3081"},"modified":"2022-03-09T08:26:51","modified_gmt":"2022-03-09T07:26:51","slug":"propositions-dhebergement-et-daccueil-de-personnes-arrivant-dukraine","status":"publish","type":"post","link":"https:\/\/jarnac-champagne.fr\/index.php\/2022\/03\/09\/propositions-dhebergement-et-daccueil-de-personnes-arrivant-dukraine\/","title":{"rendered":"Propositions d&rsquo;h\u00e9bergement et d&rsquo;accueil de personnes arrivant d&rsquo;Ukraine"},"content":{"rendered":"\n<p>La Pr\u00e9fecture nous informe que, dor\u00e9navant, pour toute proposition d&rsquo;h\u00e9bergement, il convient d&rsquo;utiliser  la plate forme d\u00e9di\u00e9e <a rel=\"noreferrer noopener\" href=\"https:\/\/parrainage.refugies.info\/\" target=\"_blank\">https:\/\/parrainage.refugies.info\/<\/a><\/p>\n\n\n\n<p>Ce site recense, en effet, l\u2019ensemble des propositions en tant que b\u00e9n\u00e9vole (h\u00e9bergement citoyen, interpr\u00e9tariat, aide logistique, traductions &#8230;).<\/p>\n\n\n\n<p>Pour information, vos dons ont \u00e9t\u00e9 \u00e0 la hauteur de votre g\u00e9n\u00e9rosit\u00e9. La Protection Civile passera demain matin (jeudi 10\/03) pour r\u00e9cup\u00e9rer la collecte.<\/p>\n\n\n\n<p>Pour rappel les besoins sont :<\/p>\n\n\n\n<ul class=\"has-vivid-cyan-blue-color has-text-color wp-block-list\"><li><strong>Des couvertures<\/strong><\/li><\/ul>\n\n\n\n<ul class=\"has-luminous-vivid-amber-color has-text-color wp-block-list\"><li>Des pro<strong>duits d&rsquo;hygi\u00e8ne<\/strong><\/li><\/ul>\n\n\n\n<ul class=\"has-vivid-cyan-blue-color has-text-color wp-block-list\"><li><strong>Des m\u00e9<\/strong>dicamen<strong>ts non p\u00e9rim\u00e9s<\/strong><\/li><\/ul>\n\n\n\n<p><\/p>\n","protected":false},"excerpt":{"rendered":"<p>La Pr\u00e9fecture nous informe que, dor\u00e9navant, pour toute proposition d&rsquo;h\u00e9bergement, il convient d&rsquo;utiliser la plate forme d\u00e9di\u00e9e https:\/\/parrainage.refugies.info\/ Ce site<\/p>\n","protected":false},"author":1,"featured_media":105,"comment_status":"open","ping_status":"open","sticky":false,"template":"","format":"standard","meta":{"colormag_page_container_layout":"default_layout","colormag_page_sidebar_layout":"default_layout","footnotes":""},"categories":[4],"tags":[],"class_list":["post-3081","post","type-post","status-publish","format-standard","has-post-thumbnail","hentry","category-infos-mairie"],"_links":{"self":[{"href":"https:\/\/jarnac-champagne.fr\/index.php\/wp-json\/wp\/v2\/posts\/3081","targetHints":{"allow":["GET"]}}],"collection":[{"href":"https:\/\/jarnac-champagne.fr\/index.php\/wp-json\/wp\/v2\/posts"}],"about":[{"href":"https:\/\/jarnac-champagne.fr\/index.php\/wp-json\/wp\/v2\/types\/post"}],"author":[{"embeddable":true,"href":"https:\/\/jarnac-champagne.fr\/index.php\/wp-json\/wp\/v2\/users\/1"}],"replies":[{"embeddable":true,"href":"https:\/\/jarnac-champagne.fr\/index.php\/wp-json\/wp\/v2\/comments?post=3081"}],"version-history":[{"count":2,"href":"https:\/\/jarnac-champagne.fr\/index.php\/wp-json\/wp\/v2\/posts\/3081\/revisions"}],"predecessor-version":[{"id":3083,"href":"https:\/\/jarnac-champagne.fr\/index.php\/wp-json\/wp\/v2\/posts\/3081\/revisions\/3083"}],"wp:featuredmedia":[{"embeddable":true,"href":"https:\/\/jarnac-champagne.fr\/index.php\/wp-json\/wp\/v2\/media\/105"}],"wp:attachment":[{"href":"https:\/\/jarnac-champagne.fr\/index.php\/wp-json\/wp\/v2\/media?parent=3081"}],"wp:term":[{"taxonomy":"category","embeddable":true,"href":"https:\/\/jarnac-champagne.fr\/index.php\/wp-json\/wp\/v2\/categories?post=3081"},{"taxonomy":"post_tag","embeddable":true,"href":"https:\/\/jarnac-champagne.fr\/index.php\/wp-json\/wp\/v2\/tags?post=3081"}],"curies":[{"name":"wp","href":"https:\/\/api.w.org\/{rel}","templated":true}]}}