{"id":3125,"date":"2022-03-16T22:01:37","date_gmt":"2022-03-16T21:01:37","guid":{"rendered":"https:\/\/jarnac-champagne.fr\/\/\/?p=3125"},"modified":"2022-03-16T22:09:00","modified_gmt":"2022-03-16T21:09:00","slug":"renovation-et-amelioration-de-lhabitat-prive","status":"publish","type":"post","link":"https:\/\/jarnac-champagne.fr\/index.php\/2022\/03\/16\/renovation-et-amelioration-de-lhabitat-prive\/","title":{"rendered":"R\u00e9novation et am\u00e9lioration de l&rsquo;habitat priv\u00e9"},"content":{"rendered":"\n<p>En d\u00e9but d&rsquo;ann\u00e9e, la Communaut\u00e9 de Communes de Haute-Saintonge a mandat\u00e9 le bureau d&rsquo;\u00e9tudes Hat\u00e9is Habitat pour r\u00e9aliser une \u00e9tude pr\u00e9-op\u00e9rationnelle OPAH \u00e0 l&rsquo;\u00e9chelle intercommunale. Cette \u00e9tude est une analyse de l\u2019habitat priv\u00e9 qui permet de quantifier les besoins en terme de r\u00e9novation et d\u2019am\u00e9lioration de l\u2019habitat afin de formaliser le projet d&rsquo;une convention de programme avec l&rsquo;ANAH.<\/p>\n\n\n\n<p>Hat\u00e9is Habitat souhaite impliquer la population par l&rsquo;interm\u00e9diaire d&rsquo;une enqu\u00eate afin de d\u00e9terminer les enjeux du territoire. Ce questionnaire sera diffus\u00e9 dans le prochain num\u00e9ro du magazine communautaire \u00ab\u00a0Le 129\u00a0\u00bb.<\/p>\n\n\n\n<p>Ce dispositif vous permettra de b\u00e9n\u00e9ficier de conseils gratuits et d&rsquo;aides financi\u00e8res pour vos travaux d&rsquo;am\u00e9lioration de l&rsquo;habitat (types de travaux\u2026). Ce dispositif s&rsquo;adressera aux propri\u00e9taires bailleurs et occupants.<\/p>\n\n\n\n<p> Par souci de clart\u00e9, cette enqu\u00eate est \u00e0 d\u00e9poser en mairie ou \u00e0 transmettre \u00e0 la CDC via l&rsquo;adresse mail suivante :&nbsp;<a rel=\"noreferrer noopener\" href=\"mailto:enquete.habitat@haute-saintonge.org\" target=\"_blank\">enquete.habitat@haute-saintonge.org<\/a><\/p>\n\n\n\n<div data-wp-interactive=\"core\/file\" class=\"wp-block-file\"><object data-wp-bind--hidden=\"!state.hasPdfPreview\" hidden class=\"wp-block-file__embed\" data=\"https:\/\/jarnac-champagne.fr\/\/\/wp-content\/uploads\/2022\/03\/Questionnaire-OPAH.pdf\" type=\"application\/pdf\" style=\"width:100%;height:600px\" aria-label=\"Contenu embarqu\u00e9 Contenu embarqu\u00e9 Questionnaire OPAH..\"><\/object><a id=\"wp-block-file--media-62a298b0-d48d-410d-a401-513bb42313c6\" href=\"https:\/\/jarnac-champagne.fr\/\/\/wp-content\/uploads\/2022\/03\/Questionnaire-OPAH.pdf\">Questionnaire OPAH<\/a><a href=\"https:\/\/jarnac-champagne.fr\/\/\/wp-content\/uploads\/2022\/03\/Questionnaire-OPAH.pdf\" class=\"wp-block-file__button\" download aria-describedby=\"wp-block-file--media-62a298b0-d48d-410d-a401-513bb42313c6\">T\u00e9l\u00e9charger<\/a><\/div>\n\n\n\n<p>Le questionnaire est \u00e9galement disponible sur le site internet de la CDCHS :&nbsp;<a href=\"http:\/\/www.haute-saintonge.org\/cadre-de-vie\/opah\" target=\"_blank\" rel=\"noreferrer noopener\">http:\/\/www.haute-saintonge.org\/cadre-de-vie\/opah<\/a><\/p>\n","protected":false},"excerpt":{"rendered":"<p>En d\u00e9but d&rsquo;ann\u00e9e, la Communaut\u00e9 de Communes de Haute-Saintonge a mandat\u00e9 le bureau d&rsquo;\u00e9tudes Hat\u00e9is Habitat pour r\u00e9aliser une \u00e9tude<\/p>\n","protected":false},"author":1,"featured_media":365,"comment_status":"open","ping_status":"open","sticky":false,"template":"","format":"standard","meta":{"colormag_page_container_layout":"default_layout","colormag_page_sidebar_layout":"default_layout","footnotes":""},"categories":[9,4],"tags":[],"class_list":["post-3125","post","type-post","status-publish","format-standard","has-post-thumbnail","hentry","category-informations-diverses","category-infos-mairie"],"_links":{"self":[{"href":"https:\/\/jarnac-champagne.fr\/index.php\/wp-json\/wp\/v2\/posts\/3125","targetHints":{"allow":["GET"]}}],"collection":[{"href":"https:\/\/jarnac-champagne.fr\/index.php\/wp-json\/wp\/v2\/posts"}],"about":[{"href":"https:\/\/jarnac-champagne.fr\/index.php\/wp-json\/wp\/v2\/types\/post"}],"author":[{"embeddable":true,"href":"https:\/\/jarnac-champagne.fr\/index.php\/wp-json\/wp\/v2\/users\/1"}],"replies":[{"embeddable":true,"href":"https:\/\/jarnac-champagne.fr\/index.php\/wp-json\/wp\/v2\/comments?post=3125"}],"version-history":[{"count":4,"href":"https:\/\/jarnac-champagne.fr\/index.php\/wp-json\/wp\/v2\/posts\/3125\/revisions"}],"predecessor-version":[{"id":3131,"href":"https:\/\/jarnac-champagne.fr\/index.php\/wp-json\/wp\/v2\/posts\/3125\/revisions\/3131"}],"wp:featuredmedia":[{"embeddable":true,"href":"https:\/\/jarnac-champagne.fr\/index.php\/wp-json\/wp\/v2\/media\/365"}],"wp:attachment":[{"href":"https:\/\/jarnac-champagne.fr\/index.php\/wp-json\/wp\/v2\/media?parent=3125"}],"wp:term":[{"taxonomy":"category","embeddable":true,"href":"https:\/\/jarnac-champagne.fr\/index.php\/wp-json\/wp\/v2\/categories?post=3125"},{"taxonomy":"post_tag","embeddable":true,"href":"https:\/\/jarnac-champagne.fr\/index.php\/wp-json\/wp\/v2\/tags?post=3125"}],"curies":[{"name":"wp","href":"https:\/\/api.w.org\/{rel}","templated":true}]}}