{"id":3139,"date":"2022-03-20T09:48:02","date_gmt":"2022-03-20T08:48:02","guid":{"rendered":"https:\/\/jarnac-champagne.fr\/\/\/?p=3139"},"modified":"2022-03-20T09:48:03","modified_gmt":"2022-03-20T08:48:03","slug":"operation-commune-propre","status":"publish","type":"post","link":"https:\/\/jarnac-champagne.fr\/index.php\/2022\/03\/20\/operation-commune-propre\/","title":{"rendered":"Op\u00e9ration commune propre"},"content":{"rendered":"\n<p>A l&rsquo;initiative du pr\u00e9c\u00e9dent Conseil Municipal des Enfants, en 2018, nous organisions notre premi\u00e8re op\u00e9ration de nettoyage et depuis nous n&rsquo;avons jamais cess\u00e9.<\/p>\n\n\n\n<p>Pour ce qui est de \u00ab\u00a0Haute-Saintonge Propre\u00a0\u00bb, c&rsquo;est la 4\u00e8me \u00e9dition, Jarnac-Champagne a toujours particip\u00e9 sauf en 2020.<\/p>\n\n\n\n<p>Nos jeunes sont sensibles aux questions environnementales et \u00e0 leur cadre de vie. Encourageons-les !<\/p>\n\n\n\n<p class=\"has-vivid-purple-color has-text-color\">C&rsquo;est l&rsquo;occasion de partager un moment convivial et promis, on vous commande le soleil ! Venez nombreux nous rejoindre <strong>\u00e0 partir de 9h30, Place de la Mairie.<\/strong><\/p>\n\n\n\n<p>Plus d&rsquo;informations sur : <a href=\"http:\/\/tourisme.haute-saintonge.org\/index.php?option=com_content&amp;view=article&amp;id=1679\">http:\/\/tourisme.haute-saintonge.org\/index.php?option=com_content&amp;view=article&amp;id=1679<\/a><\/p>\n\n\n<a href=\"https:\/\/jarnac-champagne.fr\/\/\/wp-content\/uploads\/2022\/03\/Haute_Saintonge_Propre_2022.pdf\" class=\"pdfemb-viewer\" style=\"\" data-width=\"max\" data-height=\"max\" data-toolbar=\"bottom\" data-toolbar-fixed=\"off\">Haute_Saintonge_Propre_2022<\/a>\n<p class=\"wp-block-pdfemb-pdf-embedder-viewer\"><\/p>\n\n\n\n<p><em>Cliquer sur la petite fl\u00e8che pour faire d\u00e9filer le PDF (2 pages).<\/em><\/p>\n","protected":false},"excerpt":{"rendered":"<p>A l&rsquo;initiative du pr\u00e9c\u00e9dent Conseil Municipal des Enfants, en 2018, nous organisions notre premi\u00e8re op\u00e9ration de nettoyage et depuis nous<\/p>\n","protected":false},"author":1,"featured_media":105,"comment_status":"open","ping_status":"open","sticky":false,"template":"","format":"standard","meta":{"colormag_page_container_layout":"default_layout","colormag_page_sidebar_layout":"default_layout","footnotes":""},"categories":[4],"tags":[],"class_list":["post-3139","post","type-post","status-publish","format-standard","has-post-thumbnail","hentry","category-infos-mairie"],"_links":{"self":[{"href":"https:\/\/jarnac-champagne.fr\/index.php\/wp-json\/wp\/v2\/posts\/3139","targetHints":{"allow":["GET"]}}],"collection":[{"href":"https:\/\/jarnac-champagne.fr\/index.php\/wp-json\/wp\/v2\/posts"}],"about":[{"href":"https:\/\/jarnac-champagne.fr\/index.php\/wp-json\/wp\/v2\/types\/post"}],"author":[{"embeddable":true,"href":"https:\/\/jarnac-champagne.fr\/index.php\/wp-json\/wp\/v2\/users\/1"}],"replies":[{"embeddable":true,"href":"https:\/\/jarnac-champagne.fr\/index.php\/wp-json\/wp\/v2\/comments?post=3139"}],"version-history":[{"count":6,"href":"https:\/\/jarnac-champagne.fr\/index.php\/wp-json\/wp\/v2\/posts\/3139\/revisions"}],"predecessor-version":[{"id":3159,"href":"https:\/\/jarnac-champagne.fr\/index.php\/wp-json\/wp\/v2\/posts\/3139\/revisions\/3159"}],"wp:featuredmedia":[{"embeddable":true,"href":"https:\/\/jarnac-champagne.fr\/index.php\/wp-json\/wp\/v2\/media\/105"}],"wp:attachment":[{"href":"https:\/\/jarnac-champagne.fr\/index.php\/wp-json\/wp\/v2\/media?parent=3139"}],"wp:term":[{"taxonomy":"category","embeddable":true,"href":"https:\/\/jarnac-champagne.fr\/index.php\/wp-json\/wp\/v2\/categories?post=3139"},{"taxonomy":"post_tag","embeddable":true,"href":"https:\/\/jarnac-champagne.fr\/index.php\/wp-json\/wp\/v2\/tags?post=3139"}],"curies":[{"name":"wp","href":"https:\/\/api.w.org\/{rel}","templated":true}]}}