{"id":3326,"date":"2022-04-13T19:51:22","date_gmt":"2022-04-13T17:51:22","guid":{"rendered":"https:\/\/jarnac-champagne.fr\/\/\/?p=3326"},"modified":"2022-04-13T19:51:24","modified_gmt":"2022-04-13T17:51:24","slug":"randonnee","status":"publish","type":"post","link":"https:\/\/jarnac-champagne.fr\/index.php\/2022\/04\/13\/randonnee\/","title":{"rendered":"Randonn\u00e9e"},"content":{"rendered":"\n<p class=\"has-pale-pink-color has-text-color\"><strong>A l&rsquo;occasion de la frairie, (21 &amp; 22 mai), 2 associations jarnacaises (l&rsquo;Association des Parents d&rsquo;\u00e9l\u00e8ves et le centre de loisirs \u00ab\u00a0Jarnac Plan\u00e8te\u00a0\u00bb) se mobilisent pour animer le week-end.<\/strong><\/p>\n\n\n\n<p>Un grand merci aux b\u00e9n\u00e9voles qui vont \u0153uvrer pour ce moment convivial et sympathique. La meilleure fa\u00e7on de les remercier est de participer&#8230;<\/p>\n\n\n\n<p>Et si vous ne souhaitez pas marcher, vous pouvez tout de m\u00eame \u00eatre utile. Il y a besoin de b\u00e9n\u00e9voles pour s\u00e9curiser les routes et les carrefours emprunt\u00e9s par les marcheurs. N&rsquo;h\u00e9sitez pas \u00e0 proposer votre aide et \u00e0 vous faire conna\u00eetre. C&rsquo;est aussi cela<strong> l&rsquo;heure civique jarnacaise <\/strong>! On compte sur vous&#8230;<\/p>\n\n\n\n<p>Venez nombreux !<\/p>\n\n\n<a href=\"https:\/\/jarnac-champagne.fr\/\/\/wp-content\/uploads\/2022\/04\/FLYER-RAndonne\u0301e.pdf\" class=\"pdfemb-viewer\" style=\"\" data-width=\"max\" data-height=\"max\" data-toolbar=\"bottom\" data-toolbar-fixed=\"off\">FLYER-RAndonne\u0301e<\/a>\n<p class=\"wp-block-pdfemb-pdf-embedder-viewer\"><\/p>\n","protected":false},"excerpt":{"rendered":"<p>A l&rsquo;occasion de la frairie, (21 &amp; 22 mai), 2 associations jarnacaises (l&rsquo;Association des Parents d&rsquo;\u00e9l\u00e8ves et le centre de<\/p>\n","protected":false},"author":1,"featured_media":105,"comment_status":"open","ping_status":"open","sticky":false,"template":"","format":"standard","meta":{"colormag_page_container_layout":"default_layout","colormag_page_sidebar_layout":"default_layout","footnotes":""},"categories":[4],"tags":[],"class_list":["post-3326","post","type-post","status-publish","format-standard","has-post-thumbnail","hentry","category-infos-mairie"],"_links":{"self":[{"href":"https:\/\/jarnac-champagne.fr\/index.php\/wp-json\/wp\/v2\/posts\/3326","targetHints":{"allow":["GET"]}}],"collection":[{"href":"https:\/\/jarnac-champagne.fr\/index.php\/wp-json\/wp\/v2\/posts"}],"about":[{"href":"https:\/\/jarnac-champagne.fr\/index.php\/wp-json\/wp\/v2\/types\/post"}],"author":[{"embeddable":true,"href":"https:\/\/jarnac-champagne.fr\/index.php\/wp-json\/wp\/v2\/users\/1"}],"replies":[{"embeddable":true,"href":"https:\/\/jarnac-champagne.fr\/index.php\/wp-json\/wp\/v2\/comments?post=3326"}],"version-history":[{"count":1,"href":"https:\/\/jarnac-champagne.fr\/index.php\/wp-json\/wp\/v2\/posts\/3326\/revisions"}],"predecessor-version":[{"id":3328,"href":"https:\/\/jarnac-champagne.fr\/index.php\/wp-json\/wp\/v2\/posts\/3326\/revisions\/3328"}],"wp:featuredmedia":[{"embeddable":true,"href":"https:\/\/jarnac-champagne.fr\/index.php\/wp-json\/wp\/v2\/media\/105"}],"wp:attachment":[{"href":"https:\/\/jarnac-champagne.fr\/index.php\/wp-json\/wp\/v2\/media?parent=3326"}],"wp:term":[{"taxonomy":"category","embeddable":true,"href":"https:\/\/jarnac-champagne.fr\/index.php\/wp-json\/wp\/v2\/categories?post=3326"},{"taxonomy":"post_tag","embeddable":true,"href":"https:\/\/jarnac-champagne.fr\/index.php\/wp-json\/wp\/v2\/tags?post=3326"}],"curies":[{"name":"wp","href":"https:\/\/api.w.org\/{rel}","templated":true}]}}