{"id":3346,"date":"2022-04-19T21:50:47","date_gmt":"2022-04-19T19:50:47","guid":{"rendered":"https:\/\/jarnac-champagne.fr\/\/\/?p=3346"},"modified":"2022-04-19T21:50:49","modified_gmt":"2022-04-19T19:50:49","slug":"le-129","status":"publish","type":"post","link":"https:\/\/jarnac-champagne.fr\/index.php\/2022\/04\/19\/le-129\/","title":{"rendered":"Le 129&#8230;"},"content":{"rendered":"\n<p>Vous avez, sans doute, re\u00e7u le 129 (magazine de la Communaut\u00e9 des Communes de Haute-Saintonge), un article met \u00e0 l&rsquo;honneur, M.Pierre Babin, Maire Honoraire de notre commune. A lire sans plus attendre.<\/p>\n\n\n\n<figure class=\"wp-block-gallery has-nested-images columns-default is-cropped wp-block-gallery-1 is-layout-flex wp-block-gallery-is-layout-flex\">\n<figure class=\"wp-block-image size-large\"><img loading=\"lazy\" decoding=\"async\" width=\"768\" height=\"1024\" data-id=\"3350\" src=\"https:\/\/jarnac-champagne.fr\/\/\/wp-content\/uploads\/2022\/04\/129_PBabin0-1-768x1024.jpg\" alt=\"\" class=\"wp-image-3350\" srcset=\"https:\/\/jarnac-champagne.fr\/wp-content\/uploads\/2022\/04\/129_PBabin0-1-768x1024.jpg 768w, https:\/\/jarnac-champagne.fr\/wp-content\/uploads\/2022\/04\/129_PBabin0-1-225x300.jpg 225w, https:\/\/jarnac-champagne.fr\/wp-content\/uploads\/2022\/04\/129_PBabin0-1-1152x1536.jpg 1152w, https:\/\/jarnac-champagne.fr\/wp-content\/uploads\/2022\/04\/129_PBabin0-1-1536x2048.jpg 1536w, https:\/\/jarnac-champagne.fr\/wp-content\/uploads\/2022\/04\/129_PBabin0-1-scaled.jpg 1920w\" sizes=\"auto, (max-width: 768px) 100vw, 768px\" \/><\/figure>\n\n\n\n<figure class=\"wp-block-image size-large\"><img loading=\"lazy\" decoding=\"async\" width=\"768\" height=\"1024\" data-id=\"3348\" src=\"https:\/\/jarnac-champagne.fr\/\/\/wp-content\/uploads\/2022\/04\/129_PBabin1-1-768x1024.jpg\" alt=\"\" class=\"wp-image-3348\" srcset=\"https:\/\/jarnac-champagne.fr\/wp-content\/uploads\/2022\/04\/129_PBabin1-1-768x1024.jpg 768w, https:\/\/jarnac-champagne.fr\/wp-content\/uploads\/2022\/04\/129_PBabin1-1-225x300.jpg 225w, https:\/\/jarnac-champagne.fr\/wp-content\/uploads\/2022\/04\/129_PBabin1-1-1152x1536.jpg 1152w, https:\/\/jarnac-champagne.fr\/wp-content\/uploads\/2022\/04\/129_PBabin1-1-1536x2048.jpg 1536w, https:\/\/jarnac-champagne.fr\/wp-content\/uploads\/2022\/04\/129_PBabin1-1-scaled.jpg 1920w\" sizes=\"auto, (max-width: 768px) 100vw, 768px\" \/><\/figure>\n<\/figure>\n","protected":false},"excerpt":{"rendered":"<p>Vous avez, sans doute, re\u00e7u le 129 (magazine de la Communaut\u00e9 des Communes de Haute-Saintonge), un article met \u00e0 l&rsquo;honneur,<\/p>\n","protected":false},"author":1,"featured_media":105,"comment_status":"open","ping_status":"open","sticky":false,"template":"","format":"standard","meta":{"colormag_page_container_layout":"default_layout","colormag_page_sidebar_layout":"default_layout","footnotes":""},"categories":[4,8],"tags":[],"class_list":["post-3346","post","type-post","status-publish","format-standard","has-post-thumbnail","hentry","category-infos-mairie","category-presse"],"_links":{"self":[{"href":"https:\/\/jarnac-champagne.fr\/index.php\/wp-json\/wp\/v2\/posts\/3346","targetHints":{"allow":["GET"]}}],"collection":[{"href":"https:\/\/jarnac-champagne.fr\/index.php\/wp-json\/wp\/v2\/posts"}],"about":[{"href":"https:\/\/jarnac-champagne.fr\/index.php\/wp-json\/wp\/v2\/types\/post"}],"author":[{"embeddable":true,"href":"https:\/\/jarnac-champagne.fr\/index.php\/wp-json\/wp\/v2\/users\/1"}],"replies":[{"embeddable":true,"href":"https:\/\/jarnac-champagne.fr\/index.php\/wp-json\/wp\/v2\/comments?post=3346"}],"version-history":[{"count":1,"href":"https:\/\/jarnac-champagne.fr\/index.php\/wp-json\/wp\/v2\/posts\/3346\/revisions"}],"predecessor-version":[{"id":3351,"href":"https:\/\/jarnac-champagne.fr\/index.php\/wp-json\/wp\/v2\/posts\/3346\/revisions\/3351"}],"wp:featuredmedia":[{"embeddable":true,"href":"https:\/\/jarnac-champagne.fr\/index.php\/wp-json\/wp\/v2\/media\/105"}],"wp:attachment":[{"href":"https:\/\/jarnac-champagne.fr\/index.php\/wp-json\/wp\/v2\/media?parent=3346"}],"wp:term":[{"taxonomy":"category","embeddable":true,"href":"https:\/\/jarnac-champagne.fr\/index.php\/wp-json\/wp\/v2\/categories?post=3346"},{"taxonomy":"post_tag","embeddable":true,"href":"https:\/\/jarnac-champagne.fr\/index.php\/wp-json\/wp\/v2\/tags?post=3346"}],"curies":[{"name":"wp","href":"https:\/\/api.w.org\/{rel}","templated":true}]}}