{"id":3441,"date":"2022-05-08T18:18:59","date_gmt":"2022-05-08T16:18:59","guid":{"rendered":"https:\/\/jarnac-champagne.fr\/\/\/?p=3441"},"modified":"2022-05-08T18:19:01","modified_gmt":"2022-05-08T16:19:01","slug":"ceremonie-du-8-mai","status":"publish","type":"post","link":"https:\/\/jarnac-champagne.fr\/index.php\/2022\/05\/08\/ceremonie-du-8-mai\/","title":{"rendered":"C\u00e9r\u00e9monie du 8 mai"},"content":{"rendered":"\n<p>Une c\u00e9r\u00e9monie sous le soleil ce matin. <\/p>\n\n\n\n<p>Merci \u00e0 vous tous pour votre fid\u00e8le participation. Merci aux portes drapeaux, \u00e0 l&rsquo;association des Anciens Combattants, aux Conseillers Municipaux et adjoints, \u00e0 nos jeunes \u00e9lus, aux enseignantes et aux enfants pour leur belle lecture du po\u00e8me \u00ab\u00a0Libert\u00e9\u00a0\u00bb de Paul Eluard.<\/p>\n\n\n\n<p>\u00ab\u00a0Nous, qui savons la fragilit\u00e9 de la paix, le pass\u00e9 nous instruit, les morts nous instruisent. La m\u00e9moire est un h\u00e9ritage autant qu\u2019elle est une le\u00e7on.\u00a0\u00bb<\/p>\n\n\n\n<figure class=\"wp-block-gallery has-nested-images columns-default is-cropped wp-block-gallery-1 is-layout-flex wp-block-gallery-is-layout-flex\">\n<figure class=\"wp-block-image size-large\"><img loading=\"lazy\" decoding=\"async\" width=\"1024\" height=\"879\" data-id=\"3446\" src=\"https:\/\/jarnac-champagne.fr\/\/\/wp-content\/uploads\/2022\/05\/Ceremonie_8mai_202212.jpg\" alt=\"\" class=\"wp-image-3446\" srcset=\"https:\/\/jarnac-champagne.fr\/wp-content\/uploads\/2022\/05\/Ceremonie_8mai_202212.jpg 1024w, https:\/\/jarnac-champagne.fr\/wp-content\/uploads\/2022\/05\/Ceremonie_8mai_202212-300x258.jpg 300w, https:\/\/jarnac-champagne.fr\/wp-content\/uploads\/2022\/05\/Ceremonie_8mai_202212-768x659.jpg 768w\" sizes=\"auto, (max-width: 1024px) 100vw, 1024px\" \/><\/figure>\n\n\n\n<figure class=\"wp-block-image size-large\"><img loading=\"lazy\" decoding=\"async\" width=\"1024\" height=\"801\" data-id=\"3443\" src=\"https:\/\/jarnac-champagne.fr\/\/\/wp-content\/uploads\/2022\/05\/Ceremonie_8mai_20225.jpg\" alt=\"\" class=\"wp-image-3443\" srcset=\"https:\/\/jarnac-champagne.fr\/wp-content\/uploads\/2022\/05\/Ceremonie_8mai_20225.jpg 1024w, https:\/\/jarnac-champagne.fr\/wp-content\/uploads\/2022\/05\/Ceremonie_8mai_20225-300x235.jpg 300w, https:\/\/jarnac-champagne.fr\/wp-content\/uploads\/2022\/05\/Ceremonie_8mai_20225-768x601.jpg 768w\" sizes=\"auto, (max-width: 1024px) 100vw, 1024px\" \/><\/figure>\n\n\n\n<figure class=\"wp-block-image size-large\"><img loading=\"lazy\" decoding=\"async\" width=\"1024\" height=\"648\" data-id=\"3445\" src=\"https:\/\/jarnac-champagne.fr\/\/\/wp-content\/uploads\/2022\/05\/Ceremonie_8mai_202211.jpg\" alt=\"\" class=\"wp-image-3445\" srcset=\"https:\/\/jarnac-champagne.fr\/wp-content\/uploads\/2022\/05\/Ceremonie_8mai_202211.jpg 1024w, https:\/\/jarnac-champagne.fr\/wp-content\/uploads\/2022\/05\/Ceremonie_8mai_202211-300x190.jpg 300w, https:\/\/jarnac-champagne.fr\/wp-content\/uploads\/2022\/05\/Ceremonie_8mai_202211-768x486.jpg 768w\" sizes=\"auto, (max-width: 1024px) 100vw, 1024px\" \/><\/figure>\n\n\n\n<figure class=\"wp-block-image size-large\"><img loading=\"lazy\" decoding=\"async\" width=\"919\" height=\"1024\" data-id=\"3444\" src=\"https:\/\/jarnac-champagne.fr\/\/\/wp-content\/uploads\/2022\/05\/Ceremonie_8mai_202210.jpg\" alt=\"\" class=\"wp-image-3444\" srcset=\"https:\/\/jarnac-champagne.fr\/wp-content\/uploads\/2022\/05\/Ceremonie_8mai_202210.jpg 919w, https:\/\/jarnac-champagne.fr\/wp-content\/uploads\/2022\/05\/Ceremonie_8mai_202210-269x300.jpg 269w, https:\/\/jarnac-champagne.fr\/wp-content\/uploads\/2022\/05\/Ceremonie_8mai_202210-768x856.jpg 768w\" sizes=\"auto, (max-width: 919px) 100vw, 919px\" \/><\/figure>\n\n\n\n<figure class=\"wp-block-image size-large\"><img loading=\"lazy\" decoding=\"async\" width=\"1024\" height=\"768\" data-id=\"3447\" src=\"https:\/\/jarnac-champagne.fr\/\/\/wp-content\/uploads\/2022\/05\/Ceremonie_8mai_20227.jpg\" alt=\"\" class=\"wp-image-3447\" srcset=\"https:\/\/jarnac-champagne.fr\/wp-content\/uploads\/2022\/05\/Ceremonie_8mai_20227.jpg 1024w, https:\/\/jarnac-champagne.fr\/wp-content\/uploads\/2022\/05\/Ceremonie_8mai_20227-300x225.jpg 300w, https:\/\/jarnac-champagne.fr\/wp-content\/uploads\/2022\/05\/Ceremonie_8mai_20227-768x576.jpg 768w\" sizes=\"auto, (max-width: 1024px) 100vw, 1024px\" \/><\/figure>\n\n\n\n<figure class=\"wp-block-image size-large\"><img loading=\"lazy\" decoding=\"async\" width=\"1024\" height=\"768\" data-id=\"3442\" src=\"https:\/\/jarnac-champagne.fr\/\/\/wp-content\/uploads\/2022\/05\/Ceremonie_8mai_20222.jpg\" alt=\"\" class=\"wp-image-3442\" srcset=\"https:\/\/jarnac-champagne.fr\/wp-content\/uploads\/2022\/05\/Ceremonie_8mai_20222.jpg 1024w, https:\/\/jarnac-champagne.fr\/wp-content\/uploads\/2022\/05\/Ceremonie_8mai_20222-300x225.jpg 300w, https:\/\/jarnac-champagne.fr\/wp-content\/uploads\/2022\/05\/Ceremonie_8mai_20222-768x576.jpg 768w\" sizes=\"auto, (max-width: 1024px) 100vw, 1024px\" \/><\/figure>\n<\/figure>\n","protected":false},"excerpt":{"rendered":"<p>Une c\u00e9r\u00e9monie sous le soleil ce matin. Merci \u00e0 vous tous pour votre fid\u00e8le participation. Merci aux portes drapeaux, \u00e0<\/p>\n","protected":false},"author":1,"featured_media":1058,"comment_status":"open","ping_status":"open","sticky":false,"template":"","format":"standard","meta":{"colormag_page_container_layout":"default_layout","colormag_page_sidebar_layout":"default_layout","footnotes":""},"categories":[4],"tags":[],"class_list":["post-3441","post","type-post","status-publish","format-standard","has-post-thumbnail","hentry","category-infos-mairie"],"_links":{"self":[{"href":"https:\/\/jarnac-champagne.fr\/index.php\/wp-json\/wp\/v2\/posts\/3441","targetHints":{"allow":["GET"]}}],"collection":[{"href":"https:\/\/jarnac-champagne.fr\/index.php\/wp-json\/wp\/v2\/posts"}],"about":[{"href":"https:\/\/jarnac-champagne.fr\/index.php\/wp-json\/wp\/v2\/types\/post"}],"author":[{"embeddable":true,"href":"https:\/\/jarnac-champagne.fr\/index.php\/wp-json\/wp\/v2\/users\/1"}],"replies":[{"embeddable":true,"href":"https:\/\/jarnac-champagne.fr\/index.php\/wp-json\/wp\/v2\/comments?post=3441"}],"version-history":[{"count":1,"href":"https:\/\/jarnac-champagne.fr\/index.php\/wp-json\/wp\/v2\/posts\/3441\/revisions"}],"predecessor-version":[{"id":3448,"href":"https:\/\/jarnac-champagne.fr\/index.php\/wp-json\/wp\/v2\/posts\/3441\/revisions\/3448"}],"wp:featuredmedia":[{"embeddable":true,"href":"https:\/\/jarnac-champagne.fr\/index.php\/wp-json\/wp\/v2\/media\/1058"}],"wp:attachment":[{"href":"https:\/\/jarnac-champagne.fr\/index.php\/wp-json\/wp\/v2\/media?parent=3441"}],"wp:term":[{"taxonomy":"category","embeddable":true,"href":"https:\/\/jarnac-champagne.fr\/index.php\/wp-json\/wp\/v2\/categories?post=3441"},{"taxonomy":"post_tag","embeddable":true,"href":"https:\/\/jarnac-champagne.fr\/index.php\/wp-json\/wp\/v2\/tags?post=3441"}],"curies":[{"name":"wp","href":"https:\/\/api.w.org\/{rel}","templated":true}]}}