{"id":3452,"date":"2022-05-11T17:26:22","date_gmt":"2022-05-11T15:26:22","guid":{"rendered":"https:\/\/jarnac-champagne.fr\/\/\/?p=3452"},"modified":"2022-05-11T17:26:23","modified_gmt":"2022-05-11T15:26:23","slug":"fete-locale","status":"publish","type":"post","link":"https:\/\/jarnac-champagne.fr\/index.php\/2022\/05\/11\/fete-locale\/","title":{"rendered":"F\u00eate locale"},"content":{"rendered":"\n<p>La frairie est de retour apr\u00e8s 2 ans d&rsquo;absence.<\/p>\n\n\n\n<p>1000 flyers vont \u00eatre distribu\u00e9s alors on vous attend plus nombreux que jamais.<\/p>\n\n\n\n<p>Et voici le programme :<\/p>\n\n\n\n<p>2 belles journ\u00e9es en perspective avec des animations.<\/p>\n\n\n\n<p>Il y en aura pour tous les go\u00fbts : Les gourmands seront \u00e0 la soir\u00e9e entrec\u00f4te, les sportifs \u00e0 la randonn\u00e9e du dimanche matin et tout le monde sera au rendez-vous pour le spectacle de feu (SAMEDI SOIR) et\/ou \u00e0 la prestation des Majorettes &#8211; B\u00e2tons de l&rsquo;Estuaire &#8211; (DIMANCHE).<\/p>\n\n\n\n<p>Ces derni\u00e8res sont \ufeff\ud83c\udde8\ud83c\uddf5\ufeffchampionnes de France.\ufeff\ud83c\udde8\ud83c\uddf5\ufeff<\/p>\n\n\n\n<p>\ufeff\ud83d\udcaa\ufeffMerci aux b\u00e9n\u00e9voles des associations qui vont donner de leur temps sans compter leur \u00e9nergie durant ces 2 jours.\ufeff\ud83d\udc4d\ufeff<\/p>\n\n\n\n<div class=\"wp-block-image\"><figure class=\"aligncenter size-large\"><img loading=\"lazy\" decoding=\"async\" width=\"741\" height=\"1024\" src=\"https:\/\/jarnac-champagne.fr\/\/\/wp-content\/uploads\/2022\/05\/Frairie-741x1024.jpg\" alt=\"\" class=\"wp-image-3453\" srcset=\"https:\/\/jarnac-champagne.fr\/wp-content\/uploads\/2022\/05\/Frairie-741x1024.jpg 741w, https:\/\/jarnac-champagne.fr\/wp-content\/uploads\/2022\/05\/Frairie-217x300.jpg 217w, https:\/\/jarnac-champagne.fr\/wp-content\/uploads\/2022\/05\/Frairie-768x1062.jpg 768w, https:\/\/jarnac-champagne.fr\/wp-content\/uploads\/2022\/05\/Frairie-1111x1536.jpg 1111w, https:\/\/jarnac-champagne.fr\/wp-content\/uploads\/2022\/05\/Frairie-1481x2048.jpg 1481w, https:\/\/jarnac-champagne.fr\/wp-content\/uploads\/2022\/05\/Frairie-scaled.jpg 1852w\" sizes=\"auto, (max-width: 741px) 100vw, 741px\" \/><\/figure><\/div>\n","protected":false},"excerpt":{"rendered":"<p>La frairie est de retour apr\u00e8s 2 ans d&rsquo;absence. 1000 flyers vont \u00eatre distribu\u00e9s alors on vous attend plus nombreux<\/p>\n","protected":false},"author":1,"featured_media":105,"comment_status":"open","ping_status":"open","sticky":false,"template":"","format":"standard","meta":{"colormag_page_container_layout":"default_layout","colormag_page_sidebar_layout":"default_layout","footnotes":""},"categories":[4],"tags":[],"class_list":["post-3452","post","type-post","status-publish","format-standard","has-post-thumbnail","hentry","category-infos-mairie"],"_links":{"self":[{"href":"https:\/\/jarnac-champagne.fr\/index.php\/wp-json\/wp\/v2\/posts\/3452","targetHints":{"allow":["GET"]}}],"collection":[{"href":"https:\/\/jarnac-champagne.fr\/index.php\/wp-json\/wp\/v2\/posts"}],"about":[{"href":"https:\/\/jarnac-champagne.fr\/index.php\/wp-json\/wp\/v2\/types\/post"}],"author":[{"embeddable":true,"href":"https:\/\/jarnac-champagne.fr\/index.php\/wp-json\/wp\/v2\/users\/1"}],"replies":[{"embeddable":true,"href":"https:\/\/jarnac-champagne.fr\/index.php\/wp-json\/wp\/v2\/comments?post=3452"}],"version-history":[{"count":2,"href":"https:\/\/jarnac-champagne.fr\/index.php\/wp-json\/wp\/v2\/posts\/3452\/revisions"}],"predecessor-version":[{"id":3455,"href":"https:\/\/jarnac-champagne.fr\/index.php\/wp-json\/wp\/v2\/posts\/3452\/revisions\/3455"}],"wp:featuredmedia":[{"embeddable":true,"href":"https:\/\/jarnac-champagne.fr\/index.php\/wp-json\/wp\/v2\/media\/105"}],"wp:attachment":[{"href":"https:\/\/jarnac-champagne.fr\/index.php\/wp-json\/wp\/v2\/media?parent=3452"}],"wp:term":[{"taxonomy":"category","embeddable":true,"href":"https:\/\/jarnac-champagne.fr\/index.php\/wp-json\/wp\/v2\/categories?post=3452"},{"taxonomy":"post_tag","embeddable":true,"href":"https:\/\/jarnac-champagne.fr\/index.php\/wp-json\/wp\/v2\/tags?post=3452"}],"curies":[{"name":"wp","href":"https:\/\/api.w.org\/{rel}","templated":true}]}}