{"id":3501,"date":"2022-06-14T08:25:58","date_gmt":"2022-06-14T06:25:58","guid":{"rendered":"https:\/\/jarnac-champagne.fr\/\/\/?p=3501"},"modified":"2022-07-03T09:33:14","modified_gmt":"2022-07-03T07:33:14","slug":"festival-la-rose-des-vents-2","status":"publish","type":"post","link":"https:\/\/jarnac-champagne.fr\/index.php\/2022\/06\/14\/festival-la-rose-des-vents-2\/","title":{"rendered":"Festival \u00ab\u00a0La Rose des Vents\u00a0\u00bb"},"content":{"rendered":"\n<p>Apr\u00e8s plus de 2 ans d&rsquo;absence, c&rsquo;est avec un grand plaisir que nous vous annon\u00e7ons le retour du festival \u00ab\u00a0La Rose des Vents\u00a0\u00bb. <\/p>\n\n\n\n<p>Souvenez-vous, nous avons accueilli pendant de nombreuses ann\u00e9es la soir\u00e9e de cl\u00f4ture !<\/p>\n\n\n\n<p>DIMANCHE 10 JUILLET, ce sont 120 danseurs qui se produiront dans le magnifique parc Barabeau.<\/p>\n\n\n\n<p>Un rendez-vous \u00e0 ne manquer sous aucun pr\u00e9texte, on vous attend tr\u00e8s tr\u00e8s nombreux pour un spectacle haut en couleurs !<\/p>\n\n\n\n<figure class=\"wp-block-image aligncenter size-large\"><img loading=\"lazy\" decoding=\"async\" width=\"724\" height=\"1024\" src=\"https:\/\/jarnac-champagne.fr\/\/\/wp-content\/uploads\/2022\/06\/Festival_Rose_Des_vents-724x1024.jpeg\" alt=\"\" class=\"wp-image-3502\" srcset=\"https:\/\/jarnac-champagne.fr\/wp-content\/uploads\/2022\/06\/Festival_Rose_Des_vents-724x1024.jpeg 724w, https:\/\/jarnac-champagne.fr\/wp-content\/uploads\/2022\/06\/Festival_Rose_Des_vents-212x300.jpeg 212w, https:\/\/jarnac-champagne.fr\/wp-content\/uploads\/2022\/06\/Festival_Rose_Des_vents-768x1086.jpeg 768w, https:\/\/jarnac-champagne.fr\/wp-content\/uploads\/2022\/06\/Festival_Rose_Des_vents-1086x1536.jpeg 1086w, https:\/\/jarnac-champagne.fr\/wp-content\/uploads\/2022\/06\/Festival_Rose_Des_vents.jpeg 1448w\" sizes=\"auto, (max-width: 724px) 100vw, 724px\" \/><\/figure>\n","protected":false},"excerpt":{"rendered":"<p>Apr\u00e8s plus de 2 ans d&rsquo;absence, c&rsquo;est avec un grand plaisir que nous vous annon\u00e7ons le retour du festival \u00ab\u00a0La<\/p>\n","protected":false},"author":1,"featured_media":105,"comment_status":"open","ping_status":"open","sticky":false,"template":"","format":"standard","meta":{"colormag_page_container_layout":"default_layout","colormag_page_sidebar_layout":"default_layout","footnotes":""},"categories":[4],"tags":[],"class_list":["post-3501","post","type-post","status-publish","format-standard","has-post-thumbnail","hentry","category-infos-mairie"],"_links":{"self":[{"href":"https:\/\/jarnac-champagne.fr\/index.php\/wp-json\/wp\/v2\/posts\/3501","targetHints":{"allow":["GET"]}}],"collection":[{"href":"https:\/\/jarnac-champagne.fr\/index.php\/wp-json\/wp\/v2\/posts"}],"about":[{"href":"https:\/\/jarnac-champagne.fr\/index.php\/wp-json\/wp\/v2\/types\/post"}],"author":[{"embeddable":true,"href":"https:\/\/jarnac-champagne.fr\/index.php\/wp-json\/wp\/v2\/users\/1"}],"replies":[{"embeddable":true,"href":"https:\/\/jarnac-champagne.fr\/index.php\/wp-json\/wp\/v2\/comments?post=3501"}],"version-history":[{"count":4,"href":"https:\/\/jarnac-champagne.fr\/index.php\/wp-json\/wp\/v2\/posts\/3501\/revisions"}],"predecessor-version":[{"id":3537,"href":"https:\/\/jarnac-champagne.fr\/index.php\/wp-json\/wp\/v2\/posts\/3501\/revisions\/3537"}],"wp:featuredmedia":[{"embeddable":true,"href":"https:\/\/jarnac-champagne.fr\/index.php\/wp-json\/wp\/v2\/media\/105"}],"wp:attachment":[{"href":"https:\/\/jarnac-champagne.fr\/index.php\/wp-json\/wp\/v2\/media?parent=3501"}],"wp:term":[{"taxonomy":"category","embeddable":true,"href":"https:\/\/jarnac-champagne.fr\/index.php\/wp-json\/wp\/v2\/categories?post=3501"},{"taxonomy":"post_tag","embeddable":true,"href":"https:\/\/jarnac-champagne.fr\/index.php\/wp-json\/wp\/v2\/tags?post=3501"}],"curies":[{"name":"wp","href":"https:\/\/api.w.org\/{rel}","templated":true}]}}