{"id":3507,"date":"2023-06-15T13:37:47","date_gmt":"2023-06-15T11:37:47","guid":{"rendered":"https:\/\/jarnac-champagne.fr\/\/\/?p=3507"},"modified":"2023-06-15T13:37:48","modified_gmt":"2023-06-15T11:37:48","slug":"inscription-cantine-rentree-2022","status":"publish","type":"post","link":"https:\/\/jarnac-champagne.fr\/index.php\/2023\/06\/15\/inscription-cantine-rentree-2022\/","title":{"rendered":"Inscription cantine rentr\u00e9e 2023"},"content":{"rendered":"\n<h4 class=\"wp-block-heading has-text-align-center\"><strong>AUX PARENTS D&rsquo;ELEVES du RPI Celles\/Jarnac-Champagne\/Lonzac<\/strong><\/h4>\n\n\n\n<p class=\"has-pale-pink-color has-text-color\"><strong>La date limite du d\u00e9p\u00f4t du dossier pour l&rsquo;inscription de votre enfant \u00e0 la cantine \u00e9tait fix\u00e9e, cette ann\u00e9e, au vendredi 09 juin.<\/strong> <\/p>\n\n\n\n<p class=\"has-vivid-red-color has-text-color\">A ce jour, nous sommes en attente de bon nombre de dossiers. Nous vous rappelons qu&rsquo;<strong>il est imp\u00e9ratif de proc\u00e9der \u00e0 l&rsquo;inscription CHAQUE ANN\u00c9E, elle n&rsquo;est pas automatique.<\/strong><\/p>\n\n\n\n<p>Cette date butoir n&rsquo;est pas choisie au hasard ou pour vous emb\u00eater mais bien parce qu&rsquo;il nous faut du temps pour finaliser avant la fin de l&rsquo;ann\u00e9e scolaire.<\/p>\n\n\n\n<p>Pour mieux comprendre le fonctionnement, voici quelques remarques :<\/p>\n\n\n\n<ul class=\"wp-block-list\">\n<li>Sur le nombre d&rsquo;\u00e9l\u00e8ves, nous ne pouvons pas deviner qui mange ou ne mange pas. Sans retour du dossier, nous consid\u00e9rerons que l&rsquo;enfant n&rsquo;est pas \u00e0 la cantine le midi.<\/li>\n\n\n\n<li>M\u00eame si vos coordonn\u00e9es n&rsquo;ont pas chang\u00e9, nous ne pouvons pas deviner une modification d&rsquo;un num\u00e9ro de t\u00e9l\u00e9phone, une personne \u00e0 contacter d&rsquo;urgence&#8230;<\/li>\n\n\n\n<li>Pour les fratries, veuillez compl\u00e9ter pour chaque enfant et non pas pour un seul. Un exemple, si nous devons vous joindre en urgence pour un enfant, il faudra se souvenir du pr\u00e9nom de son fr\u00e8re ou de sa s\u0153ur et de la classe pour acc\u00e9der aux informations.<\/li>\n\n\n\n<li>Il est pr\u00e9f\u00e9rable d&rsquo;\u00eatre \u00e0 jour du paiement des factures avant toute nouvelle inscription, ceci afin de ne pas augmenter votre dette. Nous restons \u00e0 votre disposition pour \u00e9changer \u00e0 ce sujet et trouver des solutions.<\/li>\n<\/ul>\n\n\n\n<p class=\"has-luminous-vivid-orange-color has-text-color\"><strong>Et si par hasard, vous avez \u00e9gar\u00e9 le dossier, vous pouvez en retirer \u00e0 la Mairie de Jarnac-Champagne aux jours et heures d&rsquo;ouverture, mais ne tardez pas !<\/strong><\/p>\n\n\n\n<p class=\"has-vivid-cyan-blue-color has-text-color\"><strong>Vous g\u00e9rez 1 enfant, 2 ou 3, nous devons en g\u00e9rer plus de 120 ! <\/strong><\/p>\n\n\n\n<p>Vous nous confiez vos enfants sur ce temps de repas, nous en prenons le plus grand soin parce qu&rsquo;il en va de notre responsabilit\u00e9. Il est donc dans l&rsquo;int\u00e9r\u00eat de tous de respecter les r\u00e8gles de fonctionnement du SIVOS \u00e9nonc\u00e9es dans le r\u00e8glement qui vous est remis lors de cette inscription.<\/p>\n\n\n\n<p>Nous comptons sur vous et vous remercions pour votre compr\u00e9hension.<\/p>\n\n\n\n<p><\/p>\n\n\n\n<p><\/p>\n","protected":false},"excerpt":{"rendered":"<p>AUX PARENTS D&rsquo;ELEVES du RPI Celles\/Jarnac-Champagne\/Lonzac La date limite du d\u00e9p\u00f4t du dossier pour l&rsquo;inscription de votre enfant \u00e0 la<\/p>\n","protected":false},"author":1,"featured_media":103,"comment_status":"open","ping_status":"open","sticky":false,"template":"","format":"standard","meta":{"colormag_page_container_layout":"default_layout","colormag_page_sidebar_layout":"default_layout","footnotes":""},"categories":[5,4],"tags":[],"class_list":["post-3507","post","type-post","status-publish","format-standard","has-post-thumbnail","hentry","category-infos-ecole","category-infos-mairie"],"_links":{"self":[{"href":"https:\/\/jarnac-champagne.fr\/index.php\/wp-json\/wp\/v2\/posts\/3507","targetHints":{"allow":["GET"]}}],"collection":[{"href":"https:\/\/jarnac-champagne.fr\/index.php\/wp-json\/wp\/v2\/posts"}],"about":[{"href":"https:\/\/jarnac-champagne.fr\/index.php\/wp-json\/wp\/v2\/types\/post"}],"author":[{"embeddable":true,"href":"https:\/\/jarnac-champagne.fr\/index.php\/wp-json\/wp\/v2\/users\/1"}],"replies":[{"embeddable":true,"href":"https:\/\/jarnac-champagne.fr\/index.php\/wp-json\/wp\/v2\/comments?post=3507"}],"version-history":[{"count":3,"href":"https:\/\/jarnac-champagne.fr\/index.php\/wp-json\/wp\/v2\/posts\/3507\/revisions"}],"predecessor-version":[{"id":4702,"href":"https:\/\/jarnac-champagne.fr\/index.php\/wp-json\/wp\/v2\/posts\/3507\/revisions\/4702"}],"wp:featuredmedia":[{"embeddable":true,"href":"https:\/\/jarnac-champagne.fr\/index.php\/wp-json\/wp\/v2\/media\/103"}],"wp:attachment":[{"href":"https:\/\/jarnac-champagne.fr\/index.php\/wp-json\/wp\/v2\/media?parent=3507"}],"wp:term":[{"taxonomy":"category","embeddable":true,"href":"https:\/\/jarnac-champagne.fr\/index.php\/wp-json\/wp\/v2\/categories?post=3507"},{"taxonomy":"post_tag","embeddable":true,"href":"https:\/\/jarnac-champagne.fr\/index.php\/wp-json\/wp\/v2\/tags?post=3507"}],"curies":[{"name":"wp","href":"https:\/\/api.w.org\/{rel}","templated":true}]}}