{"id":3518,"date":"2022-07-03T09:20:44","date_gmt":"2022-07-03T07:20:44","guid":{"rendered":"https:\/\/jarnac-champagne.fr\/\/\/?p=3518"},"modified":"2022-12-07T23:35:35","modified_gmt":"2022-12-07T22:35:35","slug":"fete-des-voisins-et-de-2","status":"publish","type":"post","link":"https:\/\/jarnac-champagne.fr\/index.php\/2022\/07\/03\/fete-des-voisins-et-de-2\/","title":{"rendered":"F\u00eate des voisins&#8230; et de 2&#8230;"},"content":{"rendered":"\n<p class=\"has-vivid-green-cyan-color has-text-color\">Samedi 2 juillet, ce sont les voisins de <strong>chez Perronneau<\/strong> qui se sont retrouv\u00e9s&#8230;<\/p>\n\n\n\n<p class=\"has-vivid-purple-color has-text-color\">C\u2019est la 2\u00e8me f\u00eate des voisins de l\u2019\u00e9dition 2022 \u00e0 Jarnac-Champagne ! Alors n\u2019h\u00e9sitez pas \u00e0 faire de m\u00eame et n\u2019oubliez pas de venir retirer vos petits cadeaux en Mairie.<\/p>\n\n\n\n<p class=\"has-vivid-cyan-blue-color has-text-color\"><strong>Rendez-vous <\/strong>dans l&rsquo;\u00e9t\u00e9 \u00e0 <strong>La Pouyade !<\/strong><\/p>\n\n\n\n<p class=\"has-luminous-vivid-amber-color has-text-color\"><strong>N\u2019h\u00e9sitez pas \u00e0 partager ou \u00e0 nous transmettre vos photos.<\/strong><\/p>\n\n\n\n<figure class=\"wp-block-gallery has-nested-images columns-default is-cropped wp-block-gallery-1 is-layout-flex wp-block-gallery-is-layout-flex\">\n<figure class=\"wp-block-image size-large\"><img loading=\"lazy\" decoding=\"async\" width=\"768\" height=\"1024\" data-id=\"3520\" src=\"https:\/\/jarnac-champagne.fr\/\/\/wp-content\/uploads\/2022\/07\/Fete_Voisins_Perronneau_20220-768x1024.jpg\" alt=\"\" class=\"wp-image-3520\" srcset=\"https:\/\/jarnac-champagne.fr\/wp-content\/uploads\/2022\/07\/Fete_Voisins_Perronneau_20220-768x1024.jpg 768w, https:\/\/jarnac-champagne.fr\/wp-content\/uploads\/2022\/07\/Fete_Voisins_Perronneau_20220-225x300.jpg 225w, https:\/\/jarnac-champagne.fr\/wp-content\/uploads\/2022\/07\/Fete_Voisins_Perronneau_20220-1152x1536.jpg 1152w, https:\/\/jarnac-champagne.fr\/wp-content\/uploads\/2022\/07\/Fete_Voisins_Perronneau_20220.jpg 1200w\" sizes=\"auto, (max-width: 768px) 100vw, 768px\" \/><\/figure>\n\n\n\n<figure class=\"wp-block-image size-large\"><img loading=\"lazy\" decoding=\"async\" width=\"768\" height=\"1024\" data-id=\"3521\" src=\"https:\/\/jarnac-champagne.fr\/\/\/wp-content\/uploads\/2022\/07\/Fete_Voisins_Perronneau_20221-768x1024.jpg\" alt=\"\" class=\"wp-image-3521\" srcset=\"https:\/\/jarnac-champagne.fr\/wp-content\/uploads\/2022\/07\/Fete_Voisins_Perronneau_20221-768x1024.jpg 768w, https:\/\/jarnac-champagne.fr\/wp-content\/uploads\/2022\/07\/Fete_Voisins_Perronneau_20221-225x300.jpg 225w, https:\/\/jarnac-champagne.fr\/wp-content\/uploads\/2022\/07\/Fete_Voisins_Perronneau_20221-1152x1536.jpg 1152w, https:\/\/jarnac-champagne.fr\/wp-content\/uploads\/2022\/07\/Fete_Voisins_Perronneau_20221.jpg 1200w\" sizes=\"auto, (max-width: 768px) 100vw, 768px\" \/><\/figure>\n<\/figure>\n","protected":false},"excerpt":{"rendered":"<p>Samedi 2 juillet, ce sont les voisins de chez Perronneau qui se sont retrouv\u00e9s&#8230; C\u2019est la 2\u00e8me f\u00eate des voisins<\/p>\n","protected":false},"author":1,"featured_media":0,"comment_status":"open","ping_status":"open","sticky":false,"template":"","format":"standard","meta":{"colormag_page_container_layout":"default_layout","colormag_page_sidebar_layout":"default_layout","footnotes":""},"categories":[4],"tags":[],"class_list":["post-3518","post","type-post","status-publish","format-standard","hentry","category-infos-mairie"],"_links":{"self":[{"href":"https:\/\/jarnac-champagne.fr\/index.php\/wp-json\/wp\/v2\/posts\/3518","targetHints":{"allow":["GET"]}}],"collection":[{"href":"https:\/\/jarnac-champagne.fr\/index.php\/wp-json\/wp\/v2\/posts"}],"about":[{"href":"https:\/\/jarnac-champagne.fr\/index.php\/wp-json\/wp\/v2\/types\/post"}],"author":[{"embeddable":true,"href":"https:\/\/jarnac-champagne.fr\/index.php\/wp-json\/wp\/v2\/users\/1"}],"replies":[{"embeddable":true,"href":"https:\/\/jarnac-champagne.fr\/index.php\/wp-json\/wp\/v2\/comments?post=3518"}],"version-history":[{"count":2,"href":"https:\/\/jarnac-champagne.fr\/index.php\/wp-json\/wp\/v2\/posts\/3518\/revisions"}],"predecessor-version":[{"id":3522,"href":"https:\/\/jarnac-champagne.fr\/index.php\/wp-json\/wp\/v2\/posts\/3518\/revisions\/3522"}],"wp:attachment":[{"href":"https:\/\/jarnac-champagne.fr\/index.php\/wp-json\/wp\/v2\/media?parent=3518"}],"wp:term":[{"taxonomy":"category","embeddable":true,"href":"https:\/\/jarnac-champagne.fr\/index.php\/wp-json\/wp\/v2\/categories?post=3518"},{"taxonomy":"post_tag","embeddable":true,"href":"https:\/\/jarnac-champagne.fr\/index.php\/wp-json\/wp\/v2\/tags?post=3518"}],"curies":[{"name":"wp","href":"https:\/\/api.w.org\/{rel}","templated":true}]}}