{"id":3550,"date":"2022-07-10T14:05:39","date_gmt":"2022-07-10T12:05:39","guid":{"rendered":"https:\/\/jarnac-champagne.fr\/\/\/?p=3550"},"modified":"2022-07-10T14:05:41","modified_gmt":"2022-07-10T12:05:41","slug":"festival-rose-des-vents-2","status":"publish","type":"post","link":"https:\/\/jarnac-champagne.fr\/index.php\/2022\/07\/10\/festival-rose-des-vents-2\/","title":{"rendered":"Festival Rose des Vents"},"content":{"rendered":"\n<p>Un grand MERCI aux conseillers municipaux et aux volontaires de l&rsquo;heure civique venus pr\u00eater main forte ce matin pour les derniers pr\u00e9paratifs. Tout est pr\u00eat pour ce soir, on vous attend nombreux, tr\u00e8s nombreux&#8230;En plus, le soleil est au rendez-vous, une belle soir\u00e9e s&rsquo;annonce pour un spectacle inoubliable.<\/p>\n\n\n\n<figure class=\"wp-block-gallery has-nested-images columns-default is-cropped wp-block-gallery-1 is-layout-flex wp-block-gallery-is-layout-flex\">\n<figure class=\"wp-block-image size-large\"><img decoding=\"async\" data-id=\"3551\" src=\"https:\/\/jarnac-champagne.fr\/\/\/wp-content\/uploads\/2022\/07\/Prepa_Rose_Des_Vents0-768x1024.jpg\" alt=\"\" class=\"wp-image-3551\"\/><\/figure>\n\n\n\n<figure class=\"wp-block-image size-large\"><img decoding=\"async\" data-id=\"3553\" src=\"https:\/\/jarnac-champagne.fr\/\/\/wp-content\/uploads\/2022\/07\/Prepa_Rose_Des_Vents1-768x1024.jpg\" alt=\"\" class=\"wp-image-3553\"\/><\/figure>\n\n\n\n<figure class=\"wp-block-image size-large\"><img decoding=\"async\" data-id=\"3552\" src=\"https:\/\/jarnac-champagne.fr\/\/\/wp-content\/uploads\/2022\/07\/Prepa_Rose_Des_Vents2-768x1024.jpg\" alt=\"\" class=\"wp-image-3552\"\/><\/figure>\n<\/figure>\n","protected":false},"excerpt":{"rendered":"<p>Un grand MERCI aux conseillers municipaux et aux volontaires de l&rsquo;heure civique venus pr\u00eater main forte ce matin pour les<\/p>\n","protected":false},"author":1,"featured_media":105,"comment_status":"open","ping_status":"open","sticky":false,"template":"","format":"standard","meta":{"colormag_page_container_layout":"default_layout","colormag_page_sidebar_layout":"default_layout","footnotes":""},"categories":[4],"tags":[],"class_list":["post-3550","post","type-post","status-publish","format-standard","has-post-thumbnail","hentry","category-infos-mairie"],"_links":{"self":[{"href":"https:\/\/jarnac-champagne.fr\/index.php\/wp-json\/wp\/v2\/posts\/3550","targetHints":{"allow":["GET"]}}],"collection":[{"href":"https:\/\/jarnac-champagne.fr\/index.php\/wp-json\/wp\/v2\/posts"}],"about":[{"href":"https:\/\/jarnac-champagne.fr\/index.php\/wp-json\/wp\/v2\/types\/post"}],"author":[{"embeddable":true,"href":"https:\/\/jarnac-champagne.fr\/index.php\/wp-json\/wp\/v2\/users\/1"}],"replies":[{"embeddable":true,"href":"https:\/\/jarnac-champagne.fr\/index.php\/wp-json\/wp\/v2\/comments?post=3550"}],"version-history":[{"count":1,"href":"https:\/\/jarnac-champagne.fr\/index.php\/wp-json\/wp\/v2\/posts\/3550\/revisions"}],"predecessor-version":[{"id":3554,"href":"https:\/\/jarnac-champagne.fr\/index.php\/wp-json\/wp\/v2\/posts\/3550\/revisions\/3554"}],"wp:featuredmedia":[{"embeddable":true,"href":"https:\/\/jarnac-champagne.fr\/index.php\/wp-json\/wp\/v2\/media\/105"}],"wp:attachment":[{"href":"https:\/\/jarnac-champagne.fr\/index.php\/wp-json\/wp\/v2\/media?parent=3550"}],"wp:term":[{"taxonomy":"category","embeddable":true,"href":"https:\/\/jarnac-champagne.fr\/index.php\/wp-json\/wp\/v2\/categories?post=3550"},{"taxonomy":"post_tag","embeddable":true,"href":"https:\/\/jarnac-champagne.fr\/index.php\/wp-json\/wp\/v2\/tags?post=3550"}],"curies":[{"name":"wp","href":"https:\/\/api.w.org\/{rel}","templated":true}]}}