{"id":3555,"date":"2022-07-11T14:31:57","date_gmt":"2022-07-11T12:31:57","guid":{"rendered":"https:\/\/jarnac-champagne.fr\/\/\/?p=3555"},"modified":"2022-07-11T14:31:57","modified_gmt":"2022-07-11T12:31:57","slug":"questionnaire-plan-alimentaire-territorial","status":"publish","type":"post","link":"https:\/\/jarnac-champagne.fr\/index.php\/2022\/07\/11\/questionnaire-plan-alimentaire-territorial\/","title":{"rendered":"Questionnaire plan alimentaire territorial"},"content":{"rendered":"\n<p>La Communaut\u00e9 de communes a confi\u00e9 au Conseil de d\u00e9veloppement le soin de travailler sur l\u2019\u00e9laboration d\u2019un programme alimentaire territorial \u00e0 l\u2019\u00e9chelle de la Haute-Saintonge. Cette d\u00e9marche, men\u00e9e en partenariat avec en particulier la Direction r\u00e9gionale de de l\u2019Alimentation, de l\u2019Agriculture et de la For\u00eat, la Chambre d\u2019Agriculture et la MSA, doit permettre de coordonner et soutenir des actions en vue de d\u00e9velopper un syst\u00e8me alimentaire DURABLE \u00e0 l\u2019\u00e9chelle du territoire.<\/p>\n\n\n\n<p><em>R\u00e9pondre \u00e0 ce questionnaire vous prendra 3 minutes et nous permettra de mesurer les besoins locaux, afin de d\u00e9finir les orientations prioritaires et d\u2019identifier les actions \u00e0 soutenir.<\/em><\/p>\n\n\n\n<p><strong><em>Vous pouvez le faire de fa\u00e7on anonyme, ou nous laisser vos coordonn\u00e9es en fin de questionnaire.<\/em><\/strong><\/p>\n\n\n\n<p><a href=\"https:\/\/www.haute-saintonge.org\/et-vous-comment-faites-vous-vos-courses-merci-de-prendre-2-minutes-pour-repondre\">https:\/\/www.haute-saintonge.org\/et-vous-comment-faites-vous-vos-courses-merci-de-prendre-2-minutes-pour-repondre<\/a><\/p>\n\n\n\n<p>Quelques exemplaires sont disponibles en Mairie.<\/p>\n\n\n\n<div data-wp-interactive=\"core\/file\" class=\"wp-block-file\"><object data-wp-bind--hidden=\"!state.hasPdfPreview\" hidden class=\"wp-block-file__embed\" data=\"https:\/\/jarnac-champagne.fr\/\/\/wp-content\/uploads\/2022\/07\/Qpapier-Consommateurs.pdf\" type=\"application\/pdf\" style=\"width:100%;height:600px\" aria-label=\"Contenu embarqu\u00e9 Contenu embarqu\u00e9 Questinonnaire_Consommateurs..\"><\/object><a id=\"wp-block-file--media-024e4ac7-6325-4957-b4b0-308cf96c60f7\" href=\"https:\/\/jarnac-champagne.fr\/\/\/wp-content\/uploads\/2022\/07\/Qpapier-Consommateurs.pdf\">Questinonnaire_Consommateurs<\/a><a href=\"https:\/\/jarnac-champagne.fr\/\/\/wp-content\/uploads\/2022\/07\/Qpapier-Consommateurs.pdf\" class=\"wp-block-file__button\" download aria-describedby=\"wp-block-file--media-024e4ac7-6325-4957-b4b0-308cf96c60f7\">T\u00e9l\u00e9charger<\/a><\/div>\n","protected":false},"excerpt":{"rendered":"<p>La Communaut\u00e9 de communes a confi\u00e9 au Conseil de d\u00e9veloppement le soin de travailler sur l\u2019\u00e9laboration d\u2019un programme alimentaire territorial<\/p>\n","protected":false},"author":1,"featured_media":105,"comment_status":"open","ping_status":"open","sticky":false,"template":"","format":"standard","meta":{"colormag_page_container_layout":"default_layout","colormag_page_sidebar_layout":"default_layout","footnotes":""},"categories":[9,4],"tags":[],"class_list":["post-3555","post","type-post","status-publish","format-standard","has-post-thumbnail","hentry","category-informations-diverses","category-infos-mairie"],"_links":{"self":[{"href":"https:\/\/jarnac-champagne.fr\/index.php\/wp-json\/wp\/v2\/posts\/3555","targetHints":{"allow":["GET"]}}],"collection":[{"href":"https:\/\/jarnac-champagne.fr\/index.php\/wp-json\/wp\/v2\/posts"}],"about":[{"href":"https:\/\/jarnac-champagne.fr\/index.php\/wp-json\/wp\/v2\/types\/post"}],"author":[{"embeddable":true,"href":"https:\/\/jarnac-champagne.fr\/index.php\/wp-json\/wp\/v2\/users\/1"}],"replies":[{"embeddable":true,"href":"https:\/\/jarnac-champagne.fr\/index.php\/wp-json\/wp\/v2\/comments?post=3555"}],"version-history":[{"count":1,"href":"https:\/\/jarnac-champagne.fr\/index.php\/wp-json\/wp\/v2\/posts\/3555\/revisions"}],"predecessor-version":[{"id":3557,"href":"https:\/\/jarnac-champagne.fr\/index.php\/wp-json\/wp\/v2\/posts\/3555\/revisions\/3557"}],"wp:featuredmedia":[{"embeddable":true,"href":"https:\/\/jarnac-champagne.fr\/index.php\/wp-json\/wp\/v2\/media\/105"}],"wp:attachment":[{"href":"https:\/\/jarnac-champagne.fr\/index.php\/wp-json\/wp\/v2\/media?parent=3555"}],"wp:term":[{"taxonomy":"category","embeddable":true,"href":"https:\/\/jarnac-champagne.fr\/index.php\/wp-json\/wp\/v2\/categories?post=3555"},{"taxonomy":"post_tag","embeddable":true,"href":"https:\/\/jarnac-champagne.fr\/index.php\/wp-json\/wp\/v2\/tags?post=3555"}],"curies":[{"name":"wp","href":"https:\/\/api.w.org\/{rel}","templated":true}]}}