{"id":3656,"date":"2022-07-16T00:50:12","date_gmt":"2022-07-15T22:50:12","guid":{"rendered":"https:\/\/jarnac-champagne.fr\/\/\/?p=3656"},"modified":"2022-07-16T00:50:13","modified_gmt":"2022-07-15T22:50:13","slug":"eurochestries-lundi-08-aout","status":"publish","type":"post","link":"https:\/\/jarnac-champagne.fr\/index.php\/2022\/07\/16\/eurochestries-lundi-08-aout\/","title":{"rendered":"Eurochestries : LUNDI 08 AOUT"},"content":{"rendered":"<a href=\"https:\/\/jarnac-champagne.fr\/\/\/wp-content\/uploads\/2022\/07\/Affiche_Jarnac-Champagne-ve\u0301rifier-infos.pdf\" class=\"pdfemb-viewer\" style=\"\" data-width=\"max\" data-height=\"max\" data-toolbar=\"bottom\" data-toolbar-fixed=\"off\">Affiche_Jarnac-Champagne-ve\u0301rifier-infos<\/a>\n<p class=\"wp-block-pdfemb-pdf-embedder-viewer\"><\/p>\n\n\n\n<p class=\"has-black-color has-text-color\">Une grande premi\u00e8re dans l\u2019histoire des Eurochestries. C\u2019est un quintette in\u00e9dit qui voit le jour pour ce festival : la rencontre de ces musiciens venus de 5 pays diff\u00e9rents est rendue possible gr\u00e2ce au Concours en ligne \u00ab Jeunes Talents en musique classique \u00bb organis\u00e9 en 2021 par Eurochestries International pour tous les instruments de l\u2019orchestre symphonique. 223 jeunes candidats de 35 pays, \u00e2g\u00e9s de 10 \u00e0 25 ans, se sont pr\u00e9sent\u00e9s devant un jury compos\u00e9 de 56 musiciens professionnels de 17 pays, heureux de d\u00e9couvrir tous ces jeunes musiciens talentueux et motiv\u00e9s.<br>Ces 5 musiciens, tous r\u00e9compens\u00e9s au minimum par un 1er prix, ont \u00e9t\u00e9 s\u00e9lectionn\u00e9s par Eurochestries Charente Maritime pour cr\u00e9er ce <strong>quintette \u00e0 vent \u00ab des laur\u00e9ats \u00bb, compos\u00e9 d\u2019une fl\u00fbtiste italienne, d\u2019un hautbo\u00efste roumain, d\u2019un clarinettiste br\u00e9silien, d\u2019une bassoniste portugaise et d\u2019un corniste bulgare. <\/strong><\/p>\n\n\n","protected":false},"excerpt":{"rendered":"<p>Une grande premi\u00e8re dans l\u2019histoire des Eurochestries. C\u2019est un quintette in\u00e9dit qui voit le jour pour ce festival : la<\/p>\n","protected":false},"author":1,"featured_media":105,"comment_status":"open","ping_status":"open","sticky":false,"template":"","format":"standard","meta":{"colormag_page_container_layout":"default_layout","colormag_page_sidebar_layout":"default_layout","footnotes":""},"categories":[4],"tags":[],"class_list":["post-3656","post","type-post","status-publish","format-standard","has-post-thumbnail","hentry","category-infos-mairie"],"_links":{"self":[{"href":"https:\/\/jarnac-champagne.fr\/index.php\/wp-json\/wp\/v2\/posts\/3656","targetHints":{"allow":["GET"]}}],"collection":[{"href":"https:\/\/jarnac-champagne.fr\/index.php\/wp-json\/wp\/v2\/posts"}],"about":[{"href":"https:\/\/jarnac-champagne.fr\/index.php\/wp-json\/wp\/v2\/types\/post"}],"author":[{"embeddable":true,"href":"https:\/\/jarnac-champagne.fr\/index.php\/wp-json\/wp\/v2\/users\/1"}],"replies":[{"embeddable":true,"href":"https:\/\/jarnac-champagne.fr\/index.php\/wp-json\/wp\/v2\/comments?post=3656"}],"version-history":[{"count":1,"href":"https:\/\/jarnac-champagne.fr\/index.php\/wp-json\/wp\/v2\/posts\/3656\/revisions"}],"predecessor-version":[{"id":3658,"href":"https:\/\/jarnac-champagne.fr\/index.php\/wp-json\/wp\/v2\/posts\/3656\/revisions\/3658"}],"wp:featuredmedia":[{"embeddable":true,"href":"https:\/\/jarnac-champagne.fr\/index.php\/wp-json\/wp\/v2\/media\/105"}],"wp:attachment":[{"href":"https:\/\/jarnac-champagne.fr\/index.php\/wp-json\/wp\/v2\/media?parent=3656"}],"wp:term":[{"taxonomy":"category","embeddable":true,"href":"https:\/\/jarnac-champagne.fr\/index.php\/wp-json\/wp\/v2\/categories?post=3656"},{"taxonomy":"post_tag","embeddable":true,"href":"https:\/\/jarnac-champagne.fr\/index.php\/wp-json\/wp\/v2\/tags?post=3656"}],"curies":[{"name":"wp","href":"https:\/\/api.w.org\/{rel}","templated":true}]}}