{"id":3663,"date":"2022-07-16T16:40:58","date_gmt":"2022-07-16T14:40:58","guid":{"rendered":"https:\/\/jarnac-champagne.fr\/\/\/?p=3663"},"modified":"2022-07-16T16:40:59","modified_gmt":"2022-07-16T14:40:59","slug":"coupure-de-courant-enedis","status":"publish","type":"post","link":"https:\/\/jarnac-champagne.fr\/index.php\/2022\/07\/16\/coupure-de-courant-enedis\/","title":{"rendered":"COUPURE DE COURANT : ENEDIS"},"content":{"rendered":"\n<p>Pour r\u00e9pondre aux besoins de sa client\u00e8le, Enedis a pr\u00e9vu de r\u00e9aliser sur le r\u00e9seau de distribution des travaux qui entra\u00eeneront une ou plusieurs coupures d\u2019\u00e9lectricit\u00e9.<\/p>\n\n\n\n<p>Pour prot\u00e9ger au mieux vos appareils sensibles, nous vous recommandons de les d\u00e9brancher avant l&rsquo;heure de d\u00e9but de coupure indiqu\u00e9e, et de ne les rebrancher qu\u2019une fois le courant r\u00e9tabli.<\/p>\n\n\n\n<p><strong>Horaires des coupures&nbsp;:<\/strong><\/p>\n\n\n\n<p><strong>lundi 1 ao\u00fbt 2022<\/strong><\/p>\n\n\n\n<p><strong>de 08h30 \u00e0 12h30<\/strong><\/p>\n\n\n\n<p><strong>Quartiers ou lieux-dits :<\/strong><\/p>\n\n\n\n<p><strong>8, 12 chemin PERRAUD<\/strong><\/p>\n\n\n\n<p><strong>7 chemin du Raz<\/strong><\/p>\n\n\n\n<p><strong>1, 6 impasse ARBOUIN<\/strong><\/p>\n\n\n\n<p><strong>ROUTE DE MINAUFOND<\/strong><\/p>\n\n\n\n<p><strong>4 au 6, 10 chemin DES BARELLES<\/strong><\/p>\n\n\n\n<p><strong>2, 6 rue ARBOUIN<\/strong><\/p>\n\n\n\n<p><strong>5, 13 rue DE LA JEUNESSE<\/strong><\/p>\n\n\n\n<p><strong>ROUTE DE JONZAC<\/strong><\/p>\n\n\n\n<p><strong>21, 25, 33, 16 au 24, 25B rue DU CHATEAU<\/strong><\/p>\n\n\n\n<p><strong>1, 7, 2, 6 au 10 chemin DU RAZ<\/strong><\/p>\n","protected":false},"excerpt":{"rendered":"<p>Pour r\u00e9pondre aux besoins de sa client\u00e8le, Enedis a pr\u00e9vu de r\u00e9aliser sur le r\u00e9seau de distribution des travaux qui<\/p>\n","protected":false},"author":1,"featured_media":716,"comment_status":"open","ping_status":"open","sticky":false,"template":"","format":"standard","meta":{"colormag_page_container_layout":"default_layout","colormag_page_sidebar_layout":"default_layout","footnotes":""},"categories":[16],"tags":[],"class_list":["post-3663","post","type-post","status-publish","format-standard","has-post-thumbnail","hentry","category-alerte"],"_links":{"self":[{"href":"https:\/\/jarnac-champagne.fr\/index.php\/wp-json\/wp\/v2\/posts\/3663","targetHints":{"allow":["GET"]}}],"collection":[{"href":"https:\/\/jarnac-champagne.fr\/index.php\/wp-json\/wp\/v2\/posts"}],"about":[{"href":"https:\/\/jarnac-champagne.fr\/index.php\/wp-json\/wp\/v2\/types\/post"}],"author":[{"embeddable":true,"href":"https:\/\/jarnac-champagne.fr\/index.php\/wp-json\/wp\/v2\/users\/1"}],"replies":[{"embeddable":true,"href":"https:\/\/jarnac-champagne.fr\/index.php\/wp-json\/wp\/v2\/comments?post=3663"}],"version-history":[{"count":1,"href":"https:\/\/jarnac-champagne.fr\/index.php\/wp-json\/wp\/v2\/posts\/3663\/revisions"}],"predecessor-version":[{"id":3664,"href":"https:\/\/jarnac-champagne.fr\/index.php\/wp-json\/wp\/v2\/posts\/3663\/revisions\/3664"}],"wp:featuredmedia":[{"embeddable":true,"href":"https:\/\/jarnac-champagne.fr\/index.php\/wp-json\/wp\/v2\/media\/716"}],"wp:attachment":[{"href":"https:\/\/jarnac-champagne.fr\/index.php\/wp-json\/wp\/v2\/media?parent=3663"}],"wp:term":[{"taxonomy":"category","embeddable":true,"href":"https:\/\/jarnac-champagne.fr\/index.php\/wp-json\/wp\/v2\/categories?post=3663"},{"taxonomy":"post_tag","embeddable":true,"href":"https:\/\/jarnac-champagne.fr\/index.php\/wp-json\/wp\/v2\/tags?post=3663"}],"curies":[{"name":"wp","href":"https:\/\/api.w.org\/{rel}","templated":true}]}}