{"id":3668,"date":"2022-07-16T18:15:09","date_gmt":"2022-07-16T16:15:09","guid":{"rendered":"https:\/\/jarnac-champagne.fr\/\/\/?p=3668"},"modified":"2022-07-16T18:15:10","modified_gmt":"2022-07-16T16:15:10","slug":"les-maires-pour-la-planete-2","status":"publish","type":"post","link":"https:\/\/jarnac-champagne.fr\/index.php\/2022\/07\/16\/les-maires-pour-la-planete-2\/","title":{"rendered":"Les Maires Pour la Plan\u00e8te"},"content":{"rendered":"\n<p>Notre commune est adh\u00e9rente et Mme le Maire est Vice-Pr\u00e9sidente de cette association qui recense les bonnes pratiques environnementales, et s\u2019engage \u00e0 les faire largement conna\u00eetre, pour que chaque maire puisse s\u2019en inspirer. Nous privil\u00e9gions les dispositifs op\u00e9rationnels, efficaces, peu co\u00fbteux et\/ou qui b\u00e9n\u00e9ficient de subventions.<\/p>\n\n\n\n<p>Pour en savoir plus, c&rsquo;est par ici : <a href=\"http:\/\/lesmairespourlaplanete.fr\/\">http:\/\/lesmairespourlaplanete.fr\/<\/a><\/p>\n\n\n\n<figure class=\"wp-block-image aligncenter size-full\"><img loading=\"lazy\" decoding=\"async\" width=\"940\" height=\"788\" src=\"https:\/\/jarnac-champagne.fr\/\/\/wp-content\/uploads\/2022\/07\/Jarnac-Champagne.png\" alt=\"\" class=\"wp-image-3669\" srcset=\"https:\/\/jarnac-champagne.fr\/wp-content\/uploads\/2022\/07\/Jarnac-Champagne.png 940w, https:\/\/jarnac-champagne.fr\/wp-content\/uploads\/2022\/07\/Jarnac-Champagne-300x251.png 300w, https:\/\/jarnac-champagne.fr\/wp-content\/uploads\/2022\/07\/Jarnac-Champagne-768x644.png 768w\" sizes=\"auto, (max-width: 940px) 100vw, 940px\" \/><\/figure>\n","protected":false},"excerpt":{"rendered":"<p>Notre commune est adh\u00e9rente et Mme le Maire est Vice-Pr\u00e9sidente de cette association qui recense les bonnes pratiques environnementales, et<\/p>\n","protected":false},"author":1,"featured_media":105,"comment_status":"open","ping_status":"open","sticky":false,"template":"","format":"standard","meta":{"colormag_page_container_layout":"default_layout","colormag_page_sidebar_layout":"default_layout","footnotes":""},"categories":[4],"tags":[],"class_list":["post-3668","post","type-post","status-publish","format-standard","has-post-thumbnail","hentry","category-infos-mairie"],"_links":{"self":[{"href":"https:\/\/jarnac-champagne.fr\/index.php\/wp-json\/wp\/v2\/posts\/3668","targetHints":{"allow":["GET"]}}],"collection":[{"href":"https:\/\/jarnac-champagne.fr\/index.php\/wp-json\/wp\/v2\/posts"}],"about":[{"href":"https:\/\/jarnac-champagne.fr\/index.php\/wp-json\/wp\/v2\/types\/post"}],"author":[{"embeddable":true,"href":"https:\/\/jarnac-champagne.fr\/index.php\/wp-json\/wp\/v2\/users\/1"}],"replies":[{"embeddable":true,"href":"https:\/\/jarnac-champagne.fr\/index.php\/wp-json\/wp\/v2\/comments?post=3668"}],"version-history":[{"count":1,"href":"https:\/\/jarnac-champagne.fr\/index.php\/wp-json\/wp\/v2\/posts\/3668\/revisions"}],"predecessor-version":[{"id":3670,"href":"https:\/\/jarnac-champagne.fr\/index.php\/wp-json\/wp\/v2\/posts\/3668\/revisions\/3670"}],"wp:featuredmedia":[{"embeddable":true,"href":"https:\/\/jarnac-champagne.fr\/index.php\/wp-json\/wp\/v2\/media\/105"}],"wp:attachment":[{"href":"https:\/\/jarnac-champagne.fr\/index.php\/wp-json\/wp\/v2\/media?parent=3668"}],"wp:term":[{"taxonomy":"category","embeddable":true,"href":"https:\/\/jarnac-champagne.fr\/index.php\/wp-json\/wp\/v2\/categories?post=3668"},{"taxonomy":"post_tag","embeddable":true,"href":"https:\/\/jarnac-champagne.fr\/index.php\/wp-json\/wp\/v2\/tags?post=3668"}],"curies":[{"name":"wp","href":"https:\/\/api.w.org\/{rel}","templated":true}]}}