{"id":3684,"date":"2022-07-21T19:56:34","date_gmt":"2022-07-21T17:56:34","guid":{"rendered":"https:\/\/jarnac-champagne.fr\/\/\/?p=3684"},"modified":"2022-07-21T19:56:36","modified_gmt":"2022-07-21T17:56:36","slug":"nouvelles-restrictions-des-usages-de-leau-en-charente-maritime","status":"publish","type":"post","link":"https:\/\/jarnac-champagne.fr\/index.php\/2022\/07\/21\/nouvelles-restrictions-des-usages-de-leau-en-charente-maritime\/","title":{"rendered":"NOUVELLES RESTRICTIONS DES USAGES DE L\u2019EAU EN CHARENTE MARITIME"},"content":{"rendered":"\n<p class=\"has-text-align-center\"><strong>COMMUNIQU\u00c9 DE PRESSE<\/strong><br>La Rochelle, le 20 juillet 2022<br><strong>LA SITUATION HYDROLOGIQUE IMPOSE DE NOUVELLES RESTRICTIONS DES USAGES DE<br>L\u2019EAU EN CHARENTE-MARITIME<\/strong><br>La situation hydrologique en Charente-Maritime, caract\u00e9ris\u00e9e par une absence de recharge<br>hivernale des nappes et des niveaux bas atteints d\u00e8s le d\u00e9but du printemps, continue de se<br>d\u00e9t\u00e9riorer.<br>Les conditions m\u00e9t\u00e9orologiques r\u00e9centes, avec deux p\u00e9riodes de canicule intenses, se<br>traduisent par la poursuite de la baisse du niveau des nappes et des cours d\u2019eau, certains<br>atteignant les minimas jamais observ\u00e9s.<br>Alors que la p\u00e9riode d\u2019\u00e9tiage vient de d\u00e9buter, cela justifie la n\u00e9cessit\u00e9 de limiter les usages<br>de l\u2019eau pour pr\u00e9server au maximum la ressource pour ses usages prioritaires.<br>Compte tenu des conditions m\u00e9t\u00e9orologiques, de l\u2019\u00e9volution de la situation hydrologique et<br>du passage de plusieurs seuils r\u00e9glementaires, le Pr\u00e9fet de la Charente-Maritime a pris<br>aujourd\u2019hui de nouvelles mesures de limitation, entra\u00eenant un durcissement des mesures de<br>restriction, aussi bien pour l\u2019irrigation que pour les autres usages.<br>S\u2019agissant de l\u2019irrigation, les mesures sont en vigueur depuis le mercredi 20 juillet 08 heures et<br>ont \u00e9t\u00e9 d\u00e9cid\u00e9es conform\u00e9ment aux arr\u00eat\u00e9s cadre interd\u00e9partementaux en vigueur<br>d\u00e9limitant les zones d\u2019alerte et d\u00e9finissant les mesures de limitation ou de suspension<br>provisoires des usages de l&rsquo;eau et assorties de mesures pr\u00e9ventives.<br>Les mesures de limitation concernant les autres usages ont \u00e9t\u00e9 d\u00e9cid\u00e9es apr\u00e8s concertation<br>de l\u2019ensemble des acteurs lors de la cellule de vigilance s\u00e9cheresse qui s\u2019est tenue ce jour.<br>Elles viennent renforcer celles d\u00e9j\u00e0 en vigueur depuis le 16 mai et s\u2019appliqueront \u00e0 compter<br>du<strong> jeudi 21 juillet \u00e0 08 heures<\/strong>. Elles concernent des usages de l&rsquo;eau pour les professionnels,<br>collectivit\u00e9s et particuliers et sont applicables sur tout le d\u00e9partement. Parmi les restrictions<br>renforc\u00e9es, l\u2019arrosage des pelouses et le fonctionnement des douches de plage sont<br>d\u00e9sormais interdits.<br>La pr\u00e9cocit\u00e9 et l\u2019intensit\u00e9 de la s\u00e9cheresse que conna\u00eet le d\u00e9partement doivent conduire \u00e0 la<br>plus grande prudence, au respect scrupuleux des mesures r\u00e9glementaires et inviter chacun<br>d\u2019entre nous \u00e0 faire preuve d\u2019esprit de responsabilit\u00e9 afin de ne pas aggraver les tensions sur<br>la production d\u2019eau potable.<\/p>\n","protected":false},"excerpt":{"rendered":"<p>COMMUNIQU\u00c9 DE PRESSELa Rochelle, le 20 juillet 2022LA SITUATION HYDROLOGIQUE IMPOSE DE NOUVELLES RESTRICTIONS DES USAGES DEL\u2019EAU EN CHARENTE-MARITIMELa situation<\/p>\n","protected":false},"author":1,"featured_media":105,"comment_status":"open","ping_status":"open","sticky":false,"template":"","format":"standard","meta":{"colormag_page_container_layout":"default_layout","colormag_page_sidebar_layout":"default_layout","footnotes":""},"categories":[4],"tags":[],"class_list":["post-3684","post","type-post","status-publish","format-standard","has-post-thumbnail","hentry","category-infos-mairie"],"_links":{"self":[{"href":"https:\/\/jarnac-champagne.fr\/index.php\/wp-json\/wp\/v2\/posts\/3684","targetHints":{"allow":["GET"]}}],"collection":[{"href":"https:\/\/jarnac-champagne.fr\/index.php\/wp-json\/wp\/v2\/posts"}],"about":[{"href":"https:\/\/jarnac-champagne.fr\/index.php\/wp-json\/wp\/v2\/types\/post"}],"author":[{"embeddable":true,"href":"https:\/\/jarnac-champagne.fr\/index.php\/wp-json\/wp\/v2\/users\/1"}],"replies":[{"embeddable":true,"href":"https:\/\/jarnac-champagne.fr\/index.php\/wp-json\/wp\/v2\/comments?post=3684"}],"version-history":[{"count":1,"href":"https:\/\/jarnac-champagne.fr\/index.php\/wp-json\/wp\/v2\/posts\/3684\/revisions"}],"predecessor-version":[{"id":3685,"href":"https:\/\/jarnac-champagne.fr\/index.php\/wp-json\/wp\/v2\/posts\/3684\/revisions\/3685"}],"wp:featuredmedia":[{"embeddable":true,"href":"https:\/\/jarnac-champagne.fr\/index.php\/wp-json\/wp\/v2\/media\/105"}],"wp:attachment":[{"href":"https:\/\/jarnac-champagne.fr\/index.php\/wp-json\/wp\/v2\/media?parent=3684"}],"wp:term":[{"taxonomy":"category","embeddable":true,"href":"https:\/\/jarnac-champagne.fr\/index.php\/wp-json\/wp\/v2\/categories?post=3684"},{"taxonomy":"post_tag","embeddable":true,"href":"https:\/\/jarnac-champagne.fr\/index.php\/wp-json\/wp\/v2\/tags?post=3684"}],"curies":[{"name":"wp","href":"https:\/\/api.w.org\/{rel}","templated":true}]}}