{"id":3744,"date":"2022-08-12T12:14:55","date_gmt":"2022-08-12T10:14:55","guid":{"rendered":"https:\/\/jarnac-champagne.fr\/\/\/?p=3744"},"modified":"2022-08-12T12:14:56","modified_gmt":"2022-08-12T10:14:56","slug":"arrete-prefectoral-restriction-eau","status":"publish","type":"post","link":"https:\/\/jarnac-champagne.fr\/index.php\/2022\/08\/12\/arrete-prefectoral-restriction-eau\/","title":{"rendered":"Arr\u00eat\u00e9 pr\u00e9fectoral restriction eau"},"content":{"rendered":"\n<p>A compter de ce <strong>vendredi 12 ao\u00fbt 2022 \u00e0 8h00<\/strong>, les mesures de restrictions ou d\u2019interdictions d\u00e9finies en fonction des usages sont pr\u00e9cis\u00e9es dans le tableau ci-apr\u00e8s.<\/p>\n\n\n\n<p>Sont concern\u00e9s les pr\u00e9l\u00e8vements r\u00e9alis\u00e9s \u00e0 partir de toutes ressources en eau (eaux superficielles, eaux souterraines ou r\u00e9seau public d\u2019eau potable) et tous les usages (particuliers, collectivit\u00e9s,entreprises, exploitants agricoles).<br><br>Les dispositions du pr\u00e9sent arr\u00eat\u00e9 ne concernent pas :<br><br>&#8211; l\u2019utilisation des eaux pluviales collect\u00e9es \u00e0 partir de surfaces imperm\u00e9abilis\u00e9es (ex : r\u00e9cup\u00e9ration des eaux de toitures stock\u00e9es dans des cuves).<br><br>&#8211; l\u2019utilisation des eaux us\u00e9es trait\u00e9es satisfaisant aux obligations r\u00e9glementaires.<\/p>\n\n\n\n<p>L&rsquo;arr\u00eat\u00e9 est affich\u00e9 en Mairie.<\/p>\n\n\n\n<figure class=\"wp-block-image aligncenter size-large\"><img loading=\"lazy\" decoding=\"async\" width=\"1024\" height=\"724\" src=\"https:\/\/jarnac-champagne.fr\/\/\/wp-content\/uploads\/2022\/08\/Arrete_Eau-1024x724.jpg\" alt=\"\" class=\"wp-image-3745\" srcset=\"https:\/\/jarnac-champagne.fr\/wp-content\/uploads\/2022\/08\/Arrete_Eau-1024x724.jpg 1024w, https:\/\/jarnac-champagne.fr\/wp-content\/uploads\/2022\/08\/Arrete_Eau-300x212.jpg 300w, https:\/\/jarnac-champagne.fr\/wp-content\/uploads\/2022\/08\/Arrete_Eau-768x543.jpg 768w, https:\/\/jarnac-champagne.fr\/wp-content\/uploads\/2022\/08\/Arrete_Eau-1536x1086.jpg 1536w, https:\/\/jarnac-champagne.fr\/wp-content\/uploads\/2022\/08\/Arrete_Eau.jpg 2048w\" sizes=\"auto, (max-width: 1024px) 100vw, 1024px\" \/><\/figure>\n","protected":false},"excerpt":{"rendered":"<p>A compter de ce vendredi 12 ao\u00fbt 2022 \u00e0 8h00, les mesures de restrictions ou d\u2019interdictions d\u00e9finies en fonction des<\/p>\n","protected":false},"author":1,"featured_media":105,"comment_status":"open","ping_status":"open","sticky":false,"template":"","format":"standard","meta":{"colormag_page_container_layout":"default_layout","colormag_page_sidebar_layout":"default_layout","footnotes":""},"categories":[4],"tags":[],"class_list":["post-3744","post","type-post","status-publish","format-standard","has-post-thumbnail","hentry","category-infos-mairie"],"_links":{"self":[{"href":"https:\/\/jarnac-champagne.fr\/index.php\/wp-json\/wp\/v2\/posts\/3744","targetHints":{"allow":["GET"]}}],"collection":[{"href":"https:\/\/jarnac-champagne.fr\/index.php\/wp-json\/wp\/v2\/posts"}],"about":[{"href":"https:\/\/jarnac-champagne.fr\/index.php\/wp-json\/wp\/v2\/types\/post"}],"author":[{"embeddable":true,"href":"https:\/\/jarnac-champagne.fr\/index.php\/wp-json\/wp\/v2\/users\/1"}],"replies":[{"embeddable":true,"href":"https:\/\/jarnac-champagne.fr\/index.php\/wp-json\/wp\/v2\/comments?post=3744"}],"version-history":[{"count":1,"href":"https:\/\/jarnac-champagne.fr\/index.php\/wp-json\/wp\/v2\/posts\/3744\/revisions"}],"predecessor-version":[{"id":3746,"href":"https:\/\/jarnac-champagne.fr\/index.php\/wp-json\/wp\/v2\/posts\/3744\/revisions\/3746"}],"wp:featuredmedia":[{"embeddable":true,"href":"https:\/\/jarnac-champagne.fr\/index.php\/wp-json\/wp\/v2\/media\/105"}],"wp:attachment":[{"href":"https:\/\/jarnac-champagne.fr\/index.php\/wp-json\/wp\/v2\/media?parent=3744"}],"wp:term":[{"taxonomy":"category","embeddable":true,"href":"https:\/\/jarnac-champagne.fr\/index.php\/wp-json\/wp\/v2\/categories?post=3744"},{"taxonomy":"post_tag","embeddable":true,"href":"https:\/\/jarnac-champagne.fr\/index.php\/wp-json\/wp\/v2\/tags?post=3744"}],"curies":[{"name":"wp","href":"https:\/\/api.w.org\/{rel}","templated":true}]}}