{"id":3766,"date":"2022-09-04T10:19:13","date_gmt":"2022-09-04T08:19:13","guid":{"rendered":"https:\/\/jarnac-champagne.fr\/?p=3766"},"modified":"2022-09-04T10:19:15","modified_gmt":"2022-09-04T08:19:15","slug":"nouveau-fruits-de-saison-legumes","status":"publish","type":"post","link":"https:\/\/jarnac-champagne.fr\/index.php\/2022\/09\/04\/nouveau-fruits-de-saison-legumes\/","title":{"rendered":"NOUVEAU : Fruits de saison &#038; l\u00e9gumes"},"content":{"rendered":"\n<p class=\"has-text-align-center has-pale-pink-color has-text-color\"><strong>A partir du MARDI 06 SEPTEMBRE<\/strong><\/p>\n\n\n\n<p class=\"has-text-align-center\">Sylvie, mara\u00eech\u00e8re sur notre commune, vous proposera sa production locale de l\u00e9gumes et des fruits de saison<\/p>\n\n\n\n<p class=\"has-text-align-center has-vivid-purple-color has-text-color\"><strong>TOUS LES MARDI AU MOIS DE SEPTEMBRE DE<\/strong><\/p>\n\n\n\n<p class=\"has-text-align-center has-vivid-purple-color has-text-color\"><strong>17H \u00e0 19h30<\/strong><\/p>\n\n\n\n<p class=\"has-text-align-center has-vivid-cyan-blue-color has-text-color\"><strong>A proximit\u00e9 du camion de pizza<\/strong><\/p>\n\n\n\n<p class=\"has-text-align-center has-luminous-vivid-amber-color has-text-color\"><strong>N&rsquo;h\u00e9sitez pas \u00e0 lui rendre visite, elle vous r\u00e9servera le meilleur accueil.<\/strong><\/p>\n\n\n\n<p><strong>\ufeff<\/strong><\/p>\n","protected":false},"excerpt":{"rendered":"<p>A partir du MARDI 06 SEPTEMBRE Sylvie, mara\u00eech\u00e8re sur notre commune, vous proposera sa production locale de l\u00e9gumes et des<\/p>\n","protected":false},"author":1,"featured_media":3767,"comment_status":"open","ping_status":"open","sticky":false,"template":"","format":"standard","meta":{"colormag_page_container_layout":"default_layout","colormag_page_sidebar_layout":"default_layout","footnotes":""},"categories":[19],"tags":[],"class_list":["post-3766","post","type-post","status-publish","format-standard","has-post-thumbnail","hentry","category-commerces"],"_links":{"self":[{"href":"https:\/\/jarnac-champagne.fr\/index.php\/wp-json\/wp\/v2\/posts\/3766","targetHints":{"allow":["GET"]}}],"collection":[{"href":"https:\/\/jarnac-champagne.fr\/index.php\/wp-json\/wp\/v2\/posts"}],"about":[{"href":"https:\/\/jarnac-champagne.fr\/index.php\/wp-json\/wp\/v2\/types\/post"}],"author":[{"embeddable":true,"href":"https:\/\/jarnac-champagne.fr\/index.php\/wp-json\/wp\/v2\/users\/1"}],"replies":[{"embeddable":true,"href":"https:\/\/jarnac-champagne.fr\/index.php\/wp-json\/wp\/v2\/comments?post=3766"}],"version-history":[{"count":2,"href":"https:\/\/jarnac-champagne.fr\/index.php\/wp-json\/wp\/v2\/posts\/3766\/revisions"}],"predecessor-version":[{"id":3769,"href":"https:\/\/jarnac-champagne.fr\/index.php\/wp-json\/wp\/v2\/posts\/3766\/revisions\/3769"}],"wp:featuredmedia":[{"embeddable":true,"href":"https:\/\/jarnac-champagne.fr\/index.php\/wp-json\/wp\/v2\/media\/3767"}],"wp:attachment":[{"href":"https:\/\/jarnac-champagne.fr\/index.php\/wp-json\/wp\/v2\/media?parent=3766"}],"wp:term":[{"taxonomy":"category","embeddable":true,"href":"https:\/\/jarnac-champagne.fr\/index.php\/wp-json\/wp\/v2\/categories?post=3766"},{"taxonomy":"post_tag","embeddable":true,"href":"https:\/\/jarnac-champagne.fr\/index.php\/wp-json\/wp\/v2\/tags?post=3766"}],"curies":[{"name":"wp","href":"https:\/\/api.w.org\/{rel}","templated":true}]}}