{"id":3795,"date":"2022-09-19T14:43:13","date_gmt":"2022-09-19T12:43:13","guid":{"rendered":"https:\/\/jarnac-champagne.fr\/\/\/?p=3795"},"modified":"2022-10-10T20:29:36","modified_gmt":"2022-10-10T18:29:36","slug":"collecte-des-bacs","status":"publish","type":"post","link":"https:\/\/jarnac-champagne.fr\/index.php\/2022\/09\/19\/collecte-des-bacs\/","title":{"rendered":"Collecte des bacs"},"content":{"rendered":"\n<p>En raison des travaux d&rsquo;assainissement, la <strong>rue de la Cure et la rue Samson restent barr\u00e9es TOUT LE MOIS D&rsquo;OCTOBRE.<\/strong><\/p>\n\n\n\n<p class=\"has-vivid-purple-color has-text-color\"><strong>\u26a0 Les bacs rue Samson et rue des Silos \u00e0 Grains (pr\u00e8s du silo)<\/strong> sont plac\u00e9es <strong>au niveau de la coop\u00e9rative.<\/strong><\/p>\n\n\n\n<p class=\"has-luminous-vivid-orange-color has-text-color\"><strong>\u26a0 Les bacs au carrefour de la rue de la Cure et de la rue Samson<\/strong> sont temporairement d\u00e9plac\u00e9s <strong>Place de l&rsquo;Eglise (parking c\u00f4t\u00e9 notaire).<\/strong><\/p>\n\n\n\n<p class=\"has-vivid-cyan-blue-color has-text-color\"><strong>\u26a0 Les bacs  de la rue des Silos \u00e0 Grains (en face de l&rsquo;entreprise BOISUMAULT)<\/strong> sont temporairement d\u00e9plac\u00e9s le long du mur du cimeti\u00e8re.<\/p>\n\n\n\n<p>Merci pour votre compr\u00e9hension.<\/p>\n","protected":false},"excerpt":{"rendered":"<p>En raison des travaux d&rsquo;assainissement, la rue de la Cure et la rue Samson restent barr\u00e9es TOUT LE MOIS D&rsquo;OCTOBRE.<\/p>\n","protected":false},"author":1,"featured_media":105,"comment_status":"open","ping_status":"open","sticky":false,"template":"","format":"standard","meta":{"colormag_page_container_layout":"default_layout","colormag_page_sidebar_layout":"default_layout","footnotes":""},"categories":[4],"tags":[],"class_list":["post-3795","post","type-post","status-publish","format-standard","has-post-thumbnail","hentry","category-infos-mairie"],"_links":{"self":[{"href":"https:\/\/jarnac-champagne.fr\/index.php\/wp-json\/wp\/v2\/posts\/3795","targetHints":{"allow":["GET"]}}],"collection":[{"href":"https:\/\/jarnac-champagne.fr\/index.php\/wp-json\/wp\/v2\/posts"}],"about":[{"href":"https:\/\/jarnac-champagne.fr\/index.php\/wp-json\/wp\/v2\/types\/post"}],"author":[{"embeddable":true,"href":"https:\/\/jarnac-champagne.fr\/index.php\/wp-json\/wp\/v2\/users\/1"}],"replies":[{"embeddable":true,"href":"https:\/\/jarnac-champagne.fr\/index.php\/wp-json\/wp\/v2\/comments?post=3795"}],"version-history":[{"count":2,"href":"https:\/\/jarnac-champagne.fr\/index.php\/wp-json\/wp\/v2\/posts\/3795\/revisions"}],"predecessor-version":[{"id":3870,"href":"https:\/\/jarnac-champagne.fr\/index.php\/wp-json\/wp\/v2\/posts\/3795\/revisions\/3870"}],"wp:featuredmedia":[{"embeddable":true,"href":"https:\/\/jarnac-champagne.fr\/index.php\/wp-json\/wp\/v2\/media\/105"}],"wp:attachment":[{"href":"https:\/\/jarnac-champagne.fr\/index.php\/wp-json\/wp\/v2\/media?parent=3795"}],"wp:term":[{"taxonomy":"category","embeddable":true,"href":"https:\/\/jarnac-champagne.fr\/index.php\/wp-json\/wp\/v2\/categories?post=3795"},{"taxonomy":"post_tag","embeddable":true,"href":"https:\/\/jarnac-champagne.fr\/index.php\/wp-json\/wp\/v2\/tags?post=3795"}],"curies":[{"name":"wp","href":"https:\/\/api.w.org\/{rel}","templated":true}]}}