{"id":3819,"date":"2022-09-29T22:40:04","date_gmt":"2022-09-29T20:40:04","guid":{"rendered":"https:\/\/jarnac-champagne.fr\/?p=3819"},"modified":"2022-09-29T22:40:05","modified_gmt":"2022-09-29T20:40:05","slug":"collecte-des-dechets-rue-des-silos-a-grains","status":"publish","type":"post","link":"https:\/\/jarnac-champagne.fr\/index.php\/2022\/09\/29\/collecte-des-dechets-rue-des-silos-a-grains\/","title":{"rendered":"Collecte des d\u00e9chets : Rue des Silos \u00e0 Grains"},"content":{"rendered":"\n<p><strong>Rue des Silos \u00e0 Grains<\/strong>, nous constatons une pratique quelque peu insolite&#8230;Les bacs destin\u00e9s \u00e0 la collecte des d\u00e9chets sont souvent vides et des sacs s&rsquo;amoncellent sur les couvercles.<\/p>\n\n\n\n<p>Nous vous rappelons le mode d&#8217;emploi au cas o\u00f9, allez, un petit effort et ce ne sera vraiment pas compliqu\u00e9 :<\/p>\n\n\n\n<ol class=\"wp-block-list\"><li>Soulever le couvercle.<\/li><li>D\u00e9poser d\u00e9licatement votre sac noir ou jaune pr\u00e9alablement ferm\u00e9 par un lien (dans le bac pr\u00e9vu \u00e0 cet effet). <\/li><li>Refermer le couvercle.<\/li><\/ol>\n\n\n\n<p>Merci pour les riverains, en agissant ainsi, vous leur \u00e9viterez le d\u00e9sagr\u00e9ment visuel d&rsquo;une accumulation de sacs et \u00e9ventuellement de mauvaises odeurs.<\/p>\n\n\n\n<p>Si vous \u00eates de passage, reprenez votre v\u00e9hicule et nous vous souhaitons bonne route&#8230;<\/p>\n\n\n\n<p>Et pour finir, si vous souffrez d&rsquo;une tendinite vous emp\u00eachant de soulever les couvercles, nous vous conseillons de consulter votre m\u00e9decin au plus vite.<\/p>\n\n\n\n<p>Merci pour tout !<\/p>\n\n\n\n<figure class=\"wp-block-pullquote\"><blockquote><p>\u201cL\u2019humour est presque toujours la col\u00e8re maquill\u00e9e.\u201d<\/p><cite>Stephen king<\/cite><\/blockquote><\/figure>\n\n\n\n<figure class=\"wp-block-image aligncenter size-large\"><img loading=\"lazy\" decoding=\"async\" width=\"1024\" height=\"768\" src=\"https:\/\/jarnac-champagne.fr\/wp-content\/uploads\/2022\/09\/20220929_153017-1024x768.jpg\" alt=\"\" class=\"wp-image-3821\" srcset=\"https:\/\/jarnac-champagne.fr\/wp-content\/uploads\/2022\/09\/20220929_153017-1024x768.jpg 1024w, https:\/\/jarnac-champagne.fr\/wp-content\/uploads\/2022\/09\/20220929_153017-300x225.jpg 300w, https:\/\/jarnac-champagne.fr\/wp-content\/uploads\/2022\/09\/20220929_153017-768x576.jpg 768w, https:\/\/jarnac-champagne.fr\/wp-content\/uploads\/2022\/09\/20220929_153017-1536x1152.jpg 1536w, https:\/\/jarnac-champagne.fr\/wp-content\/uploads\/2022\/09\/20220929_153017-2048x1536.jpg 2048w\" sizes=\"auto, (max-width: 1024px) 100vw, 1024px\" \/><\/figure>\n","protected":false},"excerpt":{"rendered":"<p>Rue des Silos \u00e0 Grains, nous constatons une pratique quelque peu insolite&#8230;Les bacs destin\u00e9s \u00e0 la collecte des d\u00e9chets sont<\/p>\n","protected":false},"author":1,"featured_media":365,"comment_status":"open","ping_status":"open","sticky":false,"template":"","format":"standard","meta":{"colormag_page_container_layout":"default_layout","colormag_page_sidebar_layout":"default_layout","footnotes":""},"categories":[4],"tags":[],"class_list":["post-3819","post","type-post","status-publish","format-standard","has-post-thumbnail","hentry","category-infos-mairie"],"_links":{"self":[{"href":"https:\/\/jarnac-champagne.fr\/index.php\/wp-json\/wp\/v2\/posts\/3819","targetHints":{"allow":["GET"]}}],"collection":[{"href":"https:\/\/jarnac-champagne.fr\/index.php\/wp-json\/wp\/v2\/posts"}],"about":[{"href":"https:\/\/jarnac-champagne.fr\/index.php\/wp-json\/wp\/v2\/types\/post"}],"author":[{"embeddable":true,"href":"https:\/\/jarnac-champagne.fr\/index.php\/wp-json\/wp\/v2\/users\/1"}],"replies":[{"embeddable":true,"href":"https:\/\/jarnac-champagne.fr\/index.php\/wp-json\/wp\/v2\/comments?post=3819"}],"version-history":[{"count":2,"href":"https:\/\/jarnac-champagne.fr\/index.php\/wp-json\/wp\/v2\/posts\/3819\/revisions"}],"predecessor-version":[{"id":3822,"href":"https:\/\/jarnac-champagne.fr\/index.php\/wp-json\/wp\/v2\/posts\/3819\/revisions\/3822"}],"wp:featuredmedia":[{"embeddable":true,"href":"https:\/\/jarnac-champagne.fr\/index.php\/wp-json\/wp\/v2\/media\/365"}],"wp:attachment":[{"href":"https:\/\/jarnac-champagne.fr\/index.php\/wp-json\/wp\/v2\/media?parent=3819"}],"wp:term":[{"taxonomy":"category","embeddable":true,"href":"https:\/\/jarnac-champagne.fr\/index.php\/wp-json\/wp\/v2\/categories?post=3819"},{"taxonomy":"post_tag","embeddable":true,"href":"https:\/\/jarnac-champagne.fr\/index.php\/wp-json\/wp\/v2\/tags?post=3819"}],"curies":[{"name":"wp","href":"https:\/\/api.w.org\/{rel}","templated":true}]}}