{"id":384,"date":"2020-04-29T10:10:05","date_gmt":"2020-04-29T08:10:05","guid":{"rendered":"https:\/\/jarnac-champagne.fr\/\/\/?p=384"},"modified":"2020-04-30T09:05:14","modified_gmt":"2020-04-30T07:05:14","slug":"plan-de-deconfinement","status":"publish","type":"post","link":"https:\/\/jarnac-champagne.fr\/index.php\/2020\/04\/29\/plan-de-deconfinement\/","title":{"rendered":"Plan de d\u00e9confinement"},"content":{"rendered":"\n<p>Pour information, voici un r\u00e9sum\u00e9 suite \u00e0 l&rsquo;intervention du Premier Ministre. <\/p>\n\n\n\n<p>En ce qui concerne l&rsquo;\u00e9cole, nous travaillons \u00e0 une organisation raisonnable en collaboration avec les enseignants du R.P.I., selon les \u00e9l\u00e9ments en notre possession actuellement. Toutes les informations \u00e0 venir seront publi\u00e9es sur le site et sur la page Facebook.<\/p>\n\n\n\n<figure class=\"wp-block-image size-large\"><img loading=\"lazy\" decoding=\"async\" width=\"378\" height=\"512\" src=\"https:\/\/jarnac-champagne.fr\/\/\/wp-content\/uploads\/2020\/04\/unnamed.png\" alt=\"\" class=\"wp-image-390\" srcset=\"https:\/\/jarnac-champagne.fr\/wp-content\/uploads\/2020\/04\/unnamed.png 378w, https:\/\/jarnac-champagne.fr\/wp-content\/uploads\/2020\/04\/unnamed-221x300.png 221w\" sizes=\"auto, (max-width: 378px) 100vw, 378px\" \/><\/figure>\n","protected":false},"excerpt":{"rendered":"<p>Pour information, voici un r\u00e9sum\u00e9 suite \u00e0 l&rsquo;intervention du Premier Ministre. En ce qui concerne l&rsquo;\u00e9cole, nous travaillons \u00e0 une<\/p>\n","protected":false},"author":1,"featured_media":105,"comment_status":"open","ping_status":"open","sticky":false,"template":"","format":"standard","meta":{"colormag_page_container_layout":"default_layout","colormag_page_sidebar_layout":"default_layout","footnotes":""},"categories":[4],"tags":[],"class_list":["post-384","post","type-post","status-publish","format-standard","has-post-thumbnail","hentry","category-infos-mairie"],"_links":{"self":[{"href":"https:\/\/jarnac-champagne.fr\/index.php\/wp-json\/wp\/v2\/posts\/384","targetHints":{"allow":["GET"]}}],"collection":[{"href":"https:\/\/jarnac-champagne.fr\/index.php\/wp-json\/wp\/v2\/posts"}],"about":[{"href":"https:\/\/jarnac-champagne.fr\/index.php\/wp-json\/wp\/v2\/types\/post"}],"author":[{"embeddable":true,"href":"https:\/\/jarnac-champagne.fr\/index.php\/wp-json\/wp\/v2\/users\/1"}],"replies":[{"embeddable":true,"href":"https:\/\/jarnac-champagne.fr\/index.php\/wp-json\/wp\/v2\/comments?post=384"}],"version-history":[{"count":3,"href":"https:\/\/jarnac-champagne.fr\/index.php\/wp-json\/wp\/v2\/posts\/384\/revisions"}],"predecessor-version":[{"id":391,"href":"https:\/\/jarnac-champagne.fr\/index.php\/wp-json\/wp\/v2\/posts\/384\/revisions\/391"}],"wp:featuredmedia":[{"embeddable":true,"href":"https:\/\/jarnac-champagne.fr\/index.php\/wp-json\/wp\/v2\/media\/105"}],"wp:attachment":[{"href":"https:\/\/jarnac-champagne.fr\/index.php\/wp-json\/wp\/v2\/media?parent=384"}],"wp:term":[{"taxonomy":"category","embeddable":true,"href":"https:\/\/jarnac-champagne.fr\/index.php\/wp-json\/wp\/v2\/categories?post=384"},{"taxonomy":"post_tag","embeddable":true,"href":"https:\/\/jarnac-champagne.fr\/index.php\/wp-json\/wp\/v2\/tags?post=384"}],"curies":[{"name":"wp","href":"https:\/\/api.w.org\/{rel}","templated":true}]}}