{"id":388,"date":"2020-04-29T19:50:55","date_gmt":"2020-04-29T17:50:55","guid":{"rendered":"https:\/\/jarnac-champagne.fr\/\/\/?p=388"},"modified":"2020-04-29T19:50:56","modified_gmt":"2020-04-29T17:50:56","slug":"sondage","status":"publish","type":"post","link":"https:\/\/jarnac-champagne.fr\/index.php\/2020\/04\/29\/sondage\/","title":{"rendered":"Sondage"},"content":{"rendered":"\n<p>Dans la perspective de la r\u00e9ouverture des \u00e9coles et de la mise en oeuvre des modalit\u00e9s d&rsquo;accueil des \u00e9l\u00e8ves, nous souhaiterions conna\u00eetre votre intention concernant le retour de votre enfant \u00e0 l&rsquo;\u00e9cole. Ainsi, merci de r\u00e9pondre \u00e0 la question suivante: <strong>Souhaitez-vous scolariser votre enfant dans son \u00e9cole \u00e0 partir du 12 mai 2020 ?<\/strong><\/p>\n\n\n\n<p><strong>Parents d&rsquo;\u00e9l\u00e8ves, cliquer sur le lien ci-dessous<\/strong> pour r\u00e9pondre \u00e0 ce premier sondage qui n&rsquo;est qu&rsquo;une premi\u00e8re \u00e9tape afin d&rsquo;avoir une vision globale sur les effectifs \u00e0 pr\u00e9voir.<\/p>\n\n\n\n<p><a href=\"https:\/\/framaforms.org\/reprise-ecole-1105-1587844423\">https:\/\/framaforms.org\/reprise-ecole-1105-1587844423<\/a><\/p>\n\n\n\n<p>Nous allons nous r\u00e9unir prochainement avec les enseignants du RPI d\u00e8s que nous aurons des informations plus officielles.<\/p>\n\n\n\n<p>Nous vous remercions pour votre participation.<\/p>\n\n\n\n<p><em>Les donn\u00e9es collect\u00e9s ne seront visibles et exploit\u00e9es que par le destinataire du sondage (SIVOS) et supprim\u00e9es d\u00e8s la fin de ce dernier.<\/em><\/p>\n","protected":false},"excerpt":{"rendered":"<p>Dans la perspective de la r\u00e9ouverture des \u00e9coles et de la mise en oeuvre des modalit\u00e9s d&rsquo;accueil des \u00e9l\u00e8ves, nous<\/p>\n","protected":false},"author":1,"featured_media":103,"comment_status":"open","ping_status":"open","sticky":false,"template":"","format":"standard","meta":{"colormag_page_container_layout":"default_layout","colormag_page_sidebar_layout":"default_layout","footnotes":""},"categories":[5],"tags":[],"class_list":["post-388","post","type-post","status-publish","format-standard","has-post-thumbnail","hentry","category-infos-ecole"],"_links":{"self":[{"href":"https:\/\/jarnac-champagne.fr\/index.php\/wp-json\/wp\/v2\/posts\/388","targetHints":{"allow":["GET"]}}],"collection":[{"href":"https:\/\/jarnac-champagne.fr\/index.php\/wp-json\/wp\/v2\/posts"}],"about":[{"href":"https:\/\/jarnac-champagne.fr\/index.php\/wp-json\/wp\/v2\/types\/post"}],"author":[{"embeddable":true,"href":"https:\/\/jarnac-champagne.fr\/index.php\/wp-json\/wp\/v2\/users\/1"}],"replies":[{"embeddable":true,"href":"https:\/\/jarnac-champagne.fr\/index.php\/wp-json\/wp\/v2\/comments?post=388"}],"version-history":[{"count":1,"href":"https:\/\/jarnac-champagne.fr\/index.php\/wp-json\/wp\/v2\/posts\/388\/revisions"}],"predecessor-version":[{"id":389,"href":"https:\/\/jarnac-champagne.fr\/index.php\/wp-json\/wp\/v2\/posts\/388\/revisions\/389"}],"wp:featuredmedia":[{"embeddable":true,"href":"https:\/\/jarnac-champagne.fr\/index.php\/wp-json\/wp\/v2\/media\/103"}],"wp:attachment":[{"href":"https:\/\/jarnac-champagne.fr\/index.php\/wp-json\/wp\/v2\/media?parent=388"}],"wp:term":[{"taxonomy":"category","embeddable":true,"href":"https:\/\/jarnac-champagne.fr\/index.php\/wp-json\/wp\/v2\/categories?post=388"},{"taxonomy":"post_tag","embeddable":true,"href":"https:\/\/jarnac-champagne.fr\/index.php\/wp-json\/wp\/v2\/tags?post=388"}],"curies":[{"name":"wp","href":"https:\/\/api.w.org\/{rel}","templated":true}]}}