{"id":3898,"date":"2022-10-12T18:16:53","date_gmt":"2022-10-12T16:16:53","guid":{"rendered":"https:\/\/jarnac-champagne.fr\/\/\/?p=3898"},"modified":"2022-10-12T18:16:55","modified_gmt":"2022-10-12T16:16:55","slug":"semaine-du-gout-mardi","status":"publish","type":"post","link":"https:\/\/jarnac-champagne.fr\/index.php\/2022\/10\/12\/semaine-du-gout-mardi\/","title":{"rendered":"Semaine du go\u00fbt : MARDI"},"content":{"rendered":"\n<p class=\"has-vivid-purple-color has-text-color\">MARDI, nous sommes rest\u00e9s en FRANCE avec au <strong>menu<\/strong> :<\/p>\n\n\n\n<p class=\"has-vivid-cyan-blue-color has-text-color\"><strong>Betteraves rouges<\/strong><\/p>\n\n\n\n<p class=\"has-vivid-cyan-blue-color has-text-color\"><strong>Langue de b\u0153uf \u00e0 la sauce tomate et c\u00e2pres<\/strong><\/p>\n\n\n\n<p class=\"has-vivid-cyan-blue-color has-text-color\"><strong>Petits pois \u00e0 la fran\u00e7aise<\/strong><\/p>\n\n\n\n<p class=\"has-vivid-cyan-blue-color has-text-color\"><strong>Bleu d&rsquo;Auvergne<\/strong><\/p>\n\n\n\n<p class=\"has-vivid-cyan-blue-color has-text-color\"><strong>Pomme<\/strong><\/p>\n\n\n\n<p class=\"has-luminous-vivid-orange-color has-text-color\"><strong>F\u00e9licitations \u00e0  toute l&rsquo;\u00e9quipe !<\/strong><\/p>\n\n\n\n<p>On se retrouve jeudi pour la suite&#8230;<\/p>\n\n\n\n<figure class=\"wp-block-gallery has-nested-images columns-default is-cropped wp-block-gallery-1 is-layout-flex wp-block-gallery-is-layout-flex\">\n<figure class=\"wp-block-image size-large\"><img loading=\"lazy\" decoding=\"async\" width=\"1024\" height=\"768\" data-id=\"3899\" src=\"https:\/\/jarnac-champagne.fr\/\/\/wp-content\/uploads\/2022\/10\/Menu_France_2022-1-1024x768.jpg\" alt=\"\" class=\"wp-image-3899\" srcset=\"https:\/\/jarnac-champagne.fr\/wp-content\/uploads\/2022\/10\/Menu_France_2022-1-1024x768.jpg 1024w, https:\/\/jarnac-champagne.fr\/wp-content\/uploads\/2022\/10\/Menu_France_2022-1-300x225.jpg 300w, https:\/\/jarnac-champagne.fr\/wp-content\/uploads\/2022\/10\/Menu_France_2022-1-768x576.jpg 768w, https:\/\/jarnac-champagne.fr\/wp-content\/uploads\/2022\/10\/Menu_France_2022-1-1536x1152.jpg 1536w, https:\/\/jarnac-champagne.fr\/wp-content\/uploads\/2022\/10\/Menu_France_2022-1.jpg 2000w\" sizes=\"auto, (max-width: 1024px) 100vw, 1024px\" \/><\/figure>\n\n\n\n<figure class=\"wp-block-image size-large\"><img loading=\"lazy\" decoding=\"async\" width=\"2000\" height=\"1500\" data-id=\"3900\" src=\"https:\/\/jarnac-champagne.fr\/\/\/wp-content\/uploads\/2022\/10\/Menu_France_2022-2.jpg\" alt=\"\" class=\"wp-image-3900\" srcset=\"https:\/\/jarnac-champagne.fr\/wp-content\/uploads\/2022\/10\/Menu_France_2022-2.jpg 2000w, https:\/\/jarnac-champagne.fr\/wp-content\/uploads\/2022\/10\/Menu_France_2022-2-300x225.jpg 300w, https:\/\/jarnac-champagne.fr\/wp-content\/uploads\/2022\/10\/Menu_France_2022-2-1024x768.jpg 1024w, https:\/\/jarnac-champagne.fr\/wp-content\/uploads\/2022\/10\/Menu_France_2022-2-768x576.jpg 768w, https:\/\/jarnac-champagne.fr\/wp-content\/uploads\/2022\/10\/Menu_France_2022-2-1536x1152.jpg 1536w\" sizes=\"auto, (max-width: 2000px) 100vw, 2000px\" \/><\/figure>\n<\/figure>\n","protected":false},"excerpt":{"rendered":"<p>MARDI, nous sommes rest\u00e9s en FRANCE avec au menu : Betteraves rouges Langue de b\u0153uf \u00e0 la sauce tomate et<\/p>\n","protected":false},"author":1,"featured_media":103,"comment_status":"open","ping_status":"open","sticky":false,"template":"","format":"standard","meta":{"colormag_page_container_layout":"default_layout","colormag_page_sidebar_layout":"default_layout","footnotes":""},"categories":[5],"tags":[],"class_list":["post-3898","post","type-post","status-publish","format-standard","has-post-thumbnail","hentry","category-infos-ecole"],"_links":{"self":[{"href":"https:\/\/jarnac-champagne.fr\/index.php\/wp-json\/wp\/v2\/posts\/3898","targetHints":{"allow":["GET"]}}],"collection":[{"href":"https:\/\/jarnac-champagne.fr\/index.php\/wp-json\/wp\/v2\/posts"}],"about":[{"href":"https:\/\/jarnac-champagne.fr\/index.php\/wp-json\/wp\/v2\/types\/post"}],"author":[{"embeddable":true,"href":"https:\/\/jarnac-champagne.fr\/index.php\/wp-json\/wp\/v2\/users\/1"}],"replies":[{"embeddable":true,"href":"https:\/\/jarnac-champagne.fr\/index.php\/wp-json\/wp\/v2\/comments?post=3898"}],"version-history":[{"count":1,"href":"https:\/\/jarnac-champagne.fr\/index.php\/wp-json\/wp\/v2\/posts\/3898\/revisions"}],"predecessor-version":[{"id":3901,"href":"https:\/\/jarnac-champagne.fr\/index.php\/wp-json\/wp\/v2\/posts\/3898\/revisions\/3901"}],"wp:featuredmedia":[{"embeddable":true,"href":"https:\/\/jarnac-champagne.fr\/index.php\/wp-json\/wp\/v2\/media\/103"}],"wp:attachment":[{"href":"https:\/\/jarnac-champagne.fr\/index.php\/wp-json\/wp\/v2\/media?parent=3898"}],"wp:term":[{"taxonomy":"category","embeddable":true,"href":"https:\/\/jarnac-champagne.fr\/index.php\/wp-json\/wp\/v2\/categories?post=3898"},{"taxonomy":"post_tag","embeddable":true,"href":"https:\/\/jarnac-champagne.fr\/index.php\/wp-json\/wp\/v2\/tags?post=3898"}],"curies":[{"name":"wp","href":"https:\/\/api.w.org\/{rel}","templated":true}]}}