{"id":3907,"date":"2022-10-12T20:14:16","date_gmt":"2022-10-12T18:14:16","guid":{"rendered":"https:\/\/jarnac-champagne.fr\/\/\/?p=3907"},"modified":"2022-10-12T20:14:17","modified_gmt":"2022-10-12T18:14:17","slug":"nouvelle-voirie-la-feuillarde-des-geais","status":"publish","type":"post","link":"https:\/\/jarnac-champagne.fr\/index.php\/2022\/10\/12\/nouvelle-voirie-la-feuillarde-des-geais\/","title":{"rendered":"Nouvelle voirie : \u00ab\u00a0La Feuillarde des Geais\u00a0\u00bb"},"content":{"rendered":"\n<p>A compter de ce jour, bien que la rue de la Robinerie ne soit pas encore totalement privatis\u00e9e par le Ch\u00e2teau Montifaud, nous vous encourageons \u00e0 emprunter la nouvelle voirie.<\/p>\n\n\n\n<p>Un STOP marque l&rsquo;arr\u00eat vers la D\u00e9partementale 700, la chauss\u00e9e \u00e9tant r\u00e9cente, soyez prudents en raison de la pr\u00e9sence de nombreux gravillons.<\/p>\n\n\n\n<p>L&rsquo;arr\u00eat\u00e9 est consultable ici : <a href=\"https:\/\/jarnac-champagne.fr\/\/\/index.php\/mairie\/arretes\/\">https:\/\/jarnac-champagne.fr\/\/\/index.php\/mairie\/arretes\/<\/a><\/p>\n","protected":false},"excerpt":{"rendered":"<p>A compter de ce jour, bien que la rue de la Robinerie ne soit pas encore totalement privatis\u00e9e par le<\/p>\n","protected":false},"author":1,"featured_media":105,"comment_status":"open","ping_status":"open","sticky":false,"template":"","format":"standard","meta":{"colormag_page_container_layout":"default_layout","colormag_page_sidebar_layout":"default_layout","footnotes":""},"categories":[4],"tags":[],"class_list":["post-3907","post","type-post","status-publish","format-standard","has-post-thumbnail","hentry","category-infos-mairie"],"_links":{"self":[{"href":"https:\/\/jarnac-champagne.fr\/index.php\/wp-json\/wp\/v2\/posts\/3907","targetHints":{"allow":["GET"]}}],"collection":[{"href":"https:\/\/jarnac-champagne.fr\/index.php\/wp-json\/wp\/v2\/posts"}],"about":[{"href":"https:\/\/jarnac-champagne.fr\/index.php\/wp-json\/wp\/v2\/types\/post"}],"author":[{"embeddable":true,"href":"https:\/\/jarnac-champagne.fr\/index.php\/wp-json\/wp\/v2\/users\/1"}],"replies":[{"embeddable":true,"href":"https:\/\/jarnac-champagne.fr\/index.php\/wp-json\/wp\/v2\/comments?post=3907"}],"version-history":[{"count":1,"href":"https:\/\/jarnac-champagne.fr\/index.php\/wp-json\/wp\/v2\/posts\/3907\/revisions"}],"predecessor-version":[{"id":3908,"href":"https:\/\/jarnac-champagne.fr\/index.php\/wp-json\/wp\/v2\/posts\/3907\/revisions\/3908"}],"wp:featuredmedia":[{"embeddable":true,"href":"https:\/\/jarnac-champagne.fr\/index.php\/wp-json\/wp\/v2\/media\/105"}],"wp:attachment":[{"href":"https:\/\/jarnac-champagne.fr\/index.php\/wp-json\/wp\/v2\/media?parent=3907"}],"wp:term":[{"taxonomy":"category","embeddable":true,"href":"https:\/\/jarnac-champagne.fr\/index.php\/wp-json\/wp\/v2\/categories?post=3907"},{"taxonomy":"post_tag","embeddable":true,"href":"https:\/\/jarnac-champagne.fr\/index.php\/wp-json\/wp\/v2\/tags?post=3907"}],"curies":[{"name":"wp","href":"https:\/\/api.w.org\/{rel}","templated":true}]}}