{"id":3935,"date":"2022-10-15T18:48:00","date_gmt":"2022-10-15T16:48:00","guid":{"rendered":"https:\/\/jarnac-champagne.fr\/?p=3935"},"modified":"2022-10-15T18:48:01","modified_gmt":"2022-10-15T16:48:01","slug":"assainissement-collectif-a-lire-attentivement","status":"publish","type":"post","link":"https:\/\/jarnac-champagne.fr\/index.php\/2022\/10\/15\/assainissement-collectif-a-lire-attentivement\/","title":{"rendered":"ASSAINISSEMENT COLLECTIF : A LIRE ATTENTIVEMENT"},"content":{"rendered":"\n<p>Certains d&rsquo;entre vous re\u00e7oivent en ce moment la fiche de prospection pour l&rsquo;assainissement collectif. La r\u00e9union publique s&rsquo;est d\u00e9roul\u00e9e, il y a maintenant quelques mois, voici un rappel de la d\u00e9marche \u00e0 suivre.<\/p>\n\n\n\n<h2 class=\"has-text-align-left wp-block-heading\">* Il est important de remettre le dossier de prospection dans les d\u00e9lais pr\u00e9vus par RESE pour ne pas retarder les travaux \u00e0 venir.<\/h2>\n\n\n\n<h2 class=\"has-text-align-left wp-block-heading\">* Il est n\u00e9cessaire de d\u00e9terminer la position et la profondeur le plus pr\u00e9cis\u00e9ment possible sur le sch\u00e9ma, par vos propres moyens (Prendre contact avec vos artisans). <\/h2>\n\n\n\n<h2 class=\"has-text-align-left wp-block-heading\">* Il n&rsquo;est pas recommand\u00e9 d&rsquo;indiquer une profondeur par d\u00e9faut \u00e0 1,20 m par manque de connaissance alors que 0,80 m peuvent parfois suffire amplement.<\/h2>\n\n\n\n<p class=\"has-luminous-vivid-orange-color has-text-color\"><strong>Le r\u00f4le de conseil de la RESE ne doit \u00eatre que ponctuel, dans certains cas particuliers, les agents ne pourront pas honorer toutes les demandes.<\/strong><\/p>\n\n\n\n<p class=\"has-pale-pink-color has-text-color\"><strong>Un guide r\u00e9sumant la r\u00e9union publique est consultable en Mairie ou par mail sur simple demande de votre part \u00e0 mairie-jarnac-champagne@wanadoo.fr<\/strong><\/p>\n\n\n\n<p><\/p>\n","protected":false},"excerpt":{"rendered":"<p>Certains d&rsquo;entre vous re\u00e7oivent en ce moment la fiche de prospection pour l&rsquo;assainissement collectif. La r\u00e9union publique s&rsquo;est d\u00e9roul\u00e9e, il<\/p>\n","protected":false},"author":1,"featured_media":105,"comment_status":"open","ping_status":"open","sticky":false,"template":"","format":"standard","meta":{"colormag_page_container_layout":"default_layout","colormag_page_sidebar_layout":"default_layout","footnotes":""},"categories":[4],"tags":[],"class_list":["post-3935","post","type-post","status-publish","format-standard","has-post-thumbnail","hentry","category-infos-mairie"],"_links":{"self":[{"href":"https:\/\/jarnac-champagne.fr\/index.php\/wp-json\/wp\/v2\/posts\/3935","targetHints":{"allow":["GET"]}}],"collection":[{"href":"https:\/\/jarnac-champagne.fr\/index.php\/wp-json\/wp\/v2\/posts"}],"about":[{"href":"https:\/\/jarnac-champagne.fr\/index.php\/wp-json\/wp\/v2\/types\/post"}],"author":[{"embeddable":true,"href":"https:\/\/jarnac-champagne.fr\/index.php\/wp-json\/wp\/v2\/users\/1"}],"replies":[{"embeddable":true,"href":"https:\/\/jarnac-champagne.fr\/index.php\/wp-json\/wp\/v2\/comments?post=3935"}],"version-history":[{"count":3,"href":"https:\/\/jarnac-champagne.fr\/index.php\/wp-json\/wp\/v2\/posts\/3935\/revisions"}],"predecessor-version":[{"id":3938,"href":"https:\/\/jarnac-champagne.fr\/index.php\/wp-json\/wp\/v2\/posts\/3935\/revisions\/3938"}],"wp:featuredmedia":[{"embeddable":true,"href":"https:\/\/jarnac-champagne.fr\/index.php\/wp-json\/wp\/v2\/media\/105"}],"wp:attachment":[{"href":"https:\/\/jarnac-champagne.fr\/index.php\/wp-json\/wp\/v2\/media?parent=3935"}],"wp:term":[{"taxonomy":"category","embeddable":true,"href":"https:\/\/jarnac-champagne.fr\/index.php\/wp-json\/wp\/v2\/categories?post=3935"},{"taxonomy":"post_tag","embeddable":true,"href":"https:\/\/jarnac-champagne.fr\/index.php\/wp-json\/wp\/v2\/tags?post=3935"}],"curies":[{"name":"wp","href":"https:\/\/api.w.org\/{rel}","templated":true}]}}