{"id":4025,"date":"2022-11-11T19:18:12","date_gmt":"2022-11-11T18:18:12","guid":{"rendered":"https:\/\/jarnac-champagne.fr\/\/\/?p=4025"},"modified":"2022-11-11T19:18:13","modified_gmt":"2022-11-11T18:18:13","slug":"semaine-agrilocal-au-pre-de-lassiette","status":"publish","type":"post","link":"https:\/\/jarnac-champagne.fr\/index.php\/2022\/11\/11\/semaine-agrilocal-au-pre-de-lassiette\/","title":{"rendered":"Semaine Agrilocal \u00ab\u00a0Au pr\u00e9 de l&rsquo;assiette\u00a0\u00bb"},"content":{"rendered":"\n<p class=\"has-luminous-vivid-orange-color has-text-color\">Le chef Yoan a souhait\u00e9 participer \u00e0 cette semaine particuli\u00e8re. Toute l&rsquo;\u00e9quipe sera donc mobilis\u00e9e pour un<strong> produit local par jour dans l&rsquo;assiette<\/strong>. Les \u00e9l\u00e8ves participeront au concours qui permettra par tirage au sort de remporter un livre \u00ab\u00a0de cuisine avec des bonnes petites recettes\u00a0\u00bbCuisiner local \u00e0 la maison\u00a0\u00bb. 5 livres sont \u00e0 gagner.<\/p>\n\n\n\n<p>Pour en savoir plus : <a href=\"https:\/\/www.agrilocal.fr\/actualites\/au-pre-de-l-assiette-novembre2022\/\">https:\/\/www.agrilocal.fr\/actualites\/au-pre-de-l-assiette-novembre2022\/<\/a><\/p>\n\n\n\n<p>Le Conseil d\u00e9partemental de Charente-Maritime, dans le cadre de sa politique \u00ab circuits courts \u00bb, propose aux acheteurs de la restauration collective d\u2019utiliser la plateforme num\u00e9rique Agrilocal17.fr.<\/p>\n\n\n\n<p class=\"has-vivid-green-cyan-color has-text-color\"><strong>Dans ce cadre, le D\u00e9partement a mis \u00e0 disposition du mat\u00e9riel informatique \u00e0 destination du personnel de cuisine pour le passage de commandes via la plateforme Agrilocal17.fr. Nous avons eu la chance d&rsquo;en b\u00e9n\u00e9ficier.<\/strong><\/p>\n\n\n\n<p><\/p>\n\n\n\n<figure class=\"wp-block-image aligncenter size-large\"><img loading=\"lazy\" decoding=\"async\" width=\"768\" height=\"1024\" src=\"https:\/\/jarnac-champagne.fr\/\/\/wp-content\/uploads\/2022\/11\/Semaine_Agrilocal-1-768x1024.jpg\" alt=\"\" class=\"wp-image-4028\" srcset=\"https:\/\/jarnac-champagne.fr\/wp-content\/uploads\/2022\/11\/Semaine_Agrilocal-1-768x1024.jpg 768w, https:\/\/jarnac-champagne.fr\/wp-content\/uploads\/2022\/11\/Semaine_Agrilocal-1-225x300.jpg 225w, https:\/\/jarnac-champagne.fr\/wp-content\/uploads\/2022\/11\/Semaine_Agrilocal-1-1152x1536.jpg 1152w, https:\/\/jarnac-champagne.fr\/wp-content\/uploads\/2022\/11\/Semaine_Agrilocal-1-1536x2048.jpg 1536w, https:\/\/jarnac-champagne.fr\/wp-content\/uploads\/2022\/11\/Semaine_Agrilocal-1-scaled.jpg 1920w\" sizes=\"auto, (max-width: 768px) 100vw, 768px\" \/><\/figure>\n","protected":false},"excerpt":{"rendered":"<p>Le chef Yoan a souhait\u00e9 participer \u00e0 cette semaine particuli\u00e8re. Toute l&rsquo;\u00e9quipe sera donc mobilis\u00e9e pour un produit local par<\/p>\n","protected":false},"author":1,"featured_media":103,"comment_status":"open","ping_status":"open","sticky":false,"template":"","format":"standard","meta":{"colormag_page_container_layout":"default_layout","colormag_page_sidebar_layout":"default_layout","footnotes":""},"categories":[5],"tags":[],"class_list":["post-4025","post","type-post","status-publish","format-standard","has-post-thumbnail","hentry","category-infos-ecole"],"_links":{"self":[{"href":"https:\/\/jarnac-champagne.fr\/index.php\/wp-json\/wp\/v2\/posts\/4025","targetHints":{"allow":["GET"]}}],"collection":[{"href":"https:\/\/jarnac-champagne.fr\/index.php\/wp-json\/wp\/v2\/posts"}],"about":[{"href":"https:\/\/jarnac-champagne.fr\/index.php\/wp-json\/wp\/v2\/types\/post"}],"author":[{"embeddable":true,"href":"https:\/\/jarnac-champagne.fr\/index.php\/wp-json\/wp\/v2\/users\/1"}],"replies":[{"embeddable":true,"href":"https:\/\/jarnac-champagne.fr\/index.php\/wp-json\/wp\/v2\/comments?post=4025"}],"version-history":[{"count":3,"href":"https:\/\/jarnac-champagne.fr\/index.php\/wp-json\/wp\/v2\/posts\/4025\/revisions"}],"predecessor-version":[{"id":4030,"href":"https:\/\/jarnac-champagne.fr\/index.php\/wp-json\/wp\/v2\/posts\/4025\/revisions\/4030"}],"wp:featuredmedia":[{"embeddable":true,"href":"https:\/\/jarnac-champagne.fr\/index.php\/wp-json\/wp\/v2\/media\/103"}],"wp:attachment":[{"href":"https:\/\/jarnac-champagne.fr\/index.php\/wp-json\/wp\/v2\/media?parent=4025"}],"wp:term":[{"taxonomy":"category","embeddable":true,"href":"https:\/\/jarnac-champagne.fr\/index.php\/wp-json\/wp\/v2\/categories?post=4025"},{"taxonomy":"post_tag","embeddable":true,"href":"https:\/\/jarnac-champagne.fr\/index.php\/wp-json\/wp\/v2\/tags?post=4025"}],"curies":[{"name":"wp","href":"https:\/\/api.w.org\/{rel}","templated":true}]}}