{"id":4086,"date":"2023-11-19T19:49:55","date_gmt":"2023-11-19T18:49:55","guid":{"rendered":"https:\/\/jarnac-champagne.fr\/\/\/?p=4086"},"modified":"2023-11-19T19:49:59","modified_gmt":"2023-11-19T18:49:59","slug":"reveillon","status":"publish","type":"post","link":"https:\/\/jarnac-champagne.fr\/index.php\/2023\/11\/19\/reveillon\/","title":{"rendered":"R\u00e9veillon"},"content":{"rendered":"\n<p class=\"has-vivid-cyan-blue-color has-text-color\">T<strong>raditionnel r\u00e9veillon organis\u00e9 par le club de basket<\/strong>, l&rsquo;ABJC.<\/p>\n\n\n\n<p><strong><mark style=\"background-color:rgba(0, 0, 0, 0)\" class=\"has-inline-color has-luminous-vivid-orange-color\">ATTENTION ! RESERVATION \u00e0 PARTIR DU 01 DECEMBRE.<\/mark><\/strong><\/p>\n\n\n\n<p class=\"has-pale-pink-color has-text-color\"><strong>Ne tardez pas \u00e0 r\u00e9server, cela risque d&rsquo;\u00eatre complet tr\u00e8s rapidement.<\/strong><\/p>\n\n\n\n<figure class=\"wp-block-image size-full is-resized\"><img loading=\"lazy\" decoding=\"async\" width=\"339\" height=\"480\" src=\"https:\/\/jarnac-champagne.fr\/wp-content\/uploads\/2023\/11\/Reveillon_2023-2.png\" alt=\"\" class=\"wp-image-5351\" style=\"width:724px;height:1024px\" srcset=\"https:\/\/jarnac-champagne.fr\/wp-content\/uploads\/2023\/11\/Reveillon_2023-2.png 339w, https:\/\/jarnac-champagne.fr\/wp-content\/uploads\/2023\/11\/Reveillon_2023-2-212x300.png 212w\" sizes=\"auto, (max-width: 339px) 100vw, 339px\" \/><\/figure>\n\n\n\n<figure class=\"wp-block-image size-full\"><img loading=\"lazy\" decoding=\"async\" width=\"339\" height=\"480\" src=\"https:\/\/jarnac-champagne.fr\/wp-content\/uploads\/2023\/11\/Reveillon_2023-1.png\" alt=\"\" class=\"wp-image-5352\" srcset=\"https:\/\/jarnac-champagne.fr\/wp-content\/uploads\/2023\/11\/Reveillon_2023-1.png 339w, https:\/\/jarnac-champagne.fr\/wp-content\/uploads\/2023\/11\/Reveillon_2023-1-212x300.png 212w\" sizes=\"auto, (max-width: 339px) 100vw, 339px\" \/><\/figure>\n","protected":false},"excerpt":{"rendered":"<p>Traditionnel r\u00e9veillon organis\u00e9 par le club de basket, l&rsquo;ABJC. ATTENTION ! RESERVATION \u00e0 PARTIR DU 01 DECEMBRE. Ne tardez pas<\/p>\n","protected":false},"author":1,"featured_media":365,"comment_status":"open","ping_status":"open","sticky":false,"template":"","format":"standard","meta":{"colormag_page_container_layout":"default_layout","colormag_page_sidebar_layout":"default_layout","footnotes":""},"categories":[14,9],"tags":[],"class_list":["post-4086","post","type-post","status-publish","format-standard","has-post-thumbnail","hentry","category-basket","category-informations-diverses"],"_links":{"self":[{"href":"https:\/\/jarnac-champagne.fr\/index.php\/wp-json\/wp\/v2\/posts\/4086","targetHints":{"allow":["GET"]}}],"collection":[{"href":"https:\/\/jarnac-champagne.fr\/index.php\/wp-json\/wp\/v2\/posts"}],"about":[{"href":"https:\/\/jarnac-champagne.fr\/index.php\/wp-json\/wp\/v2\/types\/post"}],"author":[{"embeddable":true,"href":"https:\/\/jarnac-champagne.fr\/index.php\/wp-json\/wp\/v2\/users\/1"}],"replies":[{"embeddable":true,"href":"https:\/\/jarnac-champagne.fr\/index.php\/wp-json\/wp\/v2\/comments?post=4086"}],"version-history":[{"count":3,"href":"https:\/\/jarnac-champagne.fr\/index.php\/wp-json\/wp\/v2\/posts\/4086\/revisions"}],"predecessor-version":[{"id":5353,"href":"https:\/\/jarnac-champagne.fr\/index.php\/wp-json\/wp\/v2\/posts\/4086\/revisions\/5353"}],"wp:featuredmedia":[{"embeddable":true,"href":"https:\/\/jarnac-champagne.fr\/index.php\/wp-json\/wp\/v2\/media\/365"}],"wp:attachment":[{"href":"https:\/\/jarnac-champagne.fr\/index.php\/wp-json\/wp\/v2\/media?parent=4086"}],"wp:term":[{"taxonomy":"category","embeddable":true,"href":"https:\/\/jarnac-champagne.fr\/index.php\/wp-json\/wp\/v2\/categories?post=4086"},{"taxonomy":"post_tag","embeddable":true,"href":"https:\/\/jarnac-champagne.fr\/index.php\/wp-json\/wp\/v2\/tags?post=4086"}],"curies":[{"name":"wp","href":"https:\/\/api.w.org\/{rel}","templated":true}]}}