{"id":4119,"date":"2022-11-26T10:45:24","date_gmt":"2022-11-26T09:45:24","guid":{"rendered":"https:\/\/jarnac-champagne.fr\/?p=4119"},"modified":"2022-11-26T10:45:26","modified_gmt":"2022-11-26T09:45:26","slug":"operation-abandon-darmes","status":"publish","type":"post","link":"https:\/\/jarnac-champagne.fr\/index.php\/2022\/11\/26\/operation-abandon-darmes\/","title":{"rendered":"Op\u00e9ration abandon d&rsquo;armes"},"content":{"rendered":"\n<p><strong>D\u00e8s aujourd&rsquo;hui et jusqu&rsquo;au 2 d\u00e9cembre 2022<\/strong>, le minist\u00e8re de l\u2019Int\u00e9rieur et des Outre-mer organise une op\u00e9ration d\u2019abandon simplifi\u00e9 d\u2019armes \u00e0 l\u2019\u00c9tat.<br><br>Si la France compte pr\u00e8s de 5 millions de d\u00e9tenteurs l\u00e9gaux d\u2019armes, on estime qu\u2019au moins 2 millions de nos concitoyens d\u00e9tiendraient sans titre des armes, principalement de chasse ou issues des Premi\u00e8re et Seconde Guerres mondiales.<br><br><strong>Une op\u00e9ration nationale est pr\u00e9vue sur l\u2019ensemble du territoire pour permettre \u00e0 ces particuliers soit d\u2019abandonner les armes \u00e0 l\u2019\u00c9tat, soit de les conserver, en les d\u00e9clarant sur le syst\u00e8me d&rsquo;information sur les armes (SIA).<\/strong><br><br>En Charente-Maritime, d\u00e8s le 25 novembre et jusqu\u2019au 2 d\u00e9cembre, <strong>3 points de collecte, appel\u00e9s \u00ab armodromes \u00bb<\/strong>, <strong>seront ouverts sans rendez-vous toute la semaine et le week-end en continu, de 9h \u00e0 17h<\/strong>.<\/p>\n\n\n<a href=\"https:\/\/jarnac-champagne.fr\/\/\/wp-content\/uploads\/2022\/11\/Affiche-Operation-d-abandon-d-armes-a-l-Etat.pdf\" class=\"pdfemb-viewer\" style=\"\" data-width=\"max\" data-height=\"max\" data-toolbar=\"bottom\" data-toolbar-fixed=\"off\">Affiche-Operation-d-abandon-d-armes-a-l-Etat<\/a>\n<p class=\"wp-block-pdfemb-pdf-embedder-viewer\"><\/p>\n","protected":false},"excerpt":{"rendered":"<p>D\u00e8s aujourd&rsquo;hui et jusqu&rsquo;au 2 d\u00e9cembre 2022, le minist\u00e8re de l\u2019Int\u00e9rieur et des Outre-mer organise une op\u00e9ration d\u2019abandon simplifi\u00e9 d\u2019armes<\/p>\n","protected":false},"author":1,"featured_media":105,"comment_status":"open","ping_status":"open","sticky":false,"template":"","format":"standard","meta":{"colormag_page_container_layout":"default_layout","colormag_page_sidebar_layout":"default_layout","footnotes":""},"categories":[4],"tags":[],"class_list":["post-4119","post","type-post","status-publish","format-standard","has-post-thumbnail","hentry","category-infos-mairie"],"_links":{"self":[{"href":"https:\/\/jarnac-champagne.fr\/index.php\/wp-json\/wp\/v2\/posts\/4119","targetHints":{"allow":["GET"]}}],"collection":[{"href":"https:\/\/jarnac-champagne.fr\/index.php\/wp-json\/wp\/v2\/posts"}],"about":[{"href":"https:\/\/jarnac-champagne.fr\/index.php\/wp-json\/wp\/v2\/types\/post"}],"author":[{"embeddable":true,"href":"https:\/\/jarnac-champagne.fr\/index.php\/wp-json\/wp\/v2\/users\/1"}],"replies":[{"embeddable":true,"href":"https:\/\/jarnac-champagne.fr\/index.php\/wp-json\/wp\/v2\/comments?post=4119"}],"version-history":[{"count":1,"href":"https:\/\/jarnac-champagne.fr\/index.php\/wp-json\/wp\/v2\/posts\/4119\/revisions"}],"predecessor-version":[{"id":4121,"href":"https:\/\/jarnac-champagne.fr\/index.php\/wp-json\/wp\/v2\/posts\/4119\/revisions\/4121"}],"wp:featuredmedia":[{"embeddable":true,"href":"https:\/\/jarnac-champagne.fr\/index.php\/wp-json\/wp\/v2\/media\/105"}],"wp:attachment":[{"href":"https:\/\/jarnac-champagne.fr\/index.php\/wp-json\/wp\/v2\/media?parent=4119"}],"wp:term":[{"taxonomy":"category","embeddable":true,"href":"https:\/\/jarnac-champagne.fr\/index.php\/wp-json\/wp\/v2\/categories?post=4119"},{"taxonomy":"post_tag","embeddable":true,"href":"https:\/\/jarnac-champagne.fr\/index.php\/wp-json\/wp\/v2\/tags?post=4119"}],"curies":[{"name":"wp","href":"https:\/\/api.w.org\/{rel}","templated":true}]}}