{"id":417,"date":"2020-05-11T19:54:11","date_gmt":"2020-05-11T17:54:11","guid":{"rendered":"https:\/\/jarnac-champagne.fr\/\/\/?p=417"},"modified":"2020-05-11T19:54:12","modified_gmt":"2020-05-11T17:54:12","slug":"reouverture-bibliotheque","status":"publish","type":"post","link":"https:\/\/jarnac-champagne.fr\/index.php\/2020\/05\/11\/reouverture-bibliotheque\/","title":{"rendered":"R\u00e9ouverture biblioth\u00e8que"},"content":{"rendered":"\n<p>Les Amis du Livre vous informent :<\/p>\n\n\n\n<p>Bonjour \u00e0 tous\u00a0,<br><strong>A compter de mercredi et jusqu&rsquo;\u00e0 fin mai<\/strong>, la biblioth\u00e8que ouvrira le <strong>mercredi matin<\/strong>. <\/p>\n\n\n\n<p>Avec toutes les pr\u00e9cautions d&rsquo;usage: masque, gel hydroalcoolique \u00e0 l&rsquo;entr\u00e9e, distanciation physique, 1 personne \u00e0 la fois, sortie par une autre porte.<\/p>\n\n\n\n<p>Vous pourrez venir nous rapporter vos livres et en choisir d&rsquo;autres.<br>A bient\u00f4t. Bonnes lectures.<br>Cordialement.<br>Les Amis du livre<\/p>\n","protected":false},"excerpt":{"rendered":"<p>Les Amis du Livre vous informent : Bonjour \u00e0 tous\u00a0,A compter de mercredi et jusqu&rsquo;\u00e0 fin mai, la biblioth\u00e8que ouvrira<\/p>\n","protected":false},"author":1,"featured_media":104,"comment_status":"open","ping_status":"open","sticky":false,"template":"","format":"standard","meta":{"colormag_page_container_layout":"default_layout","colormag_page_sidebar_layout":"default_layout","footnotes":""},"categories":[3],"tags":[],"class_list":["post-417","post","type-post","status-publish","format-standard","has-post-thumbnail","hentry","category-bibliotheque"],"_links":{"self":[{"href":"https:\/\/jarnac-champagne.fr\/index.php\/wp-json\/wp\/v2\/posts\/417","targetHints":{"allow":["GET"]}}],"collection":[{"href":"https:\/\/jarnac-champagne.fr\/index.php\/wp-json\/wp\/v2\/posts"}],"about":[{"href":"https:\/\/jarnac-champagne.fr\/index.php\/wp-json\/wp\/v2\/types\/post"}],"author":[{"embeddable":true,"href":"https:\/\/jarnac-champagne.fr\/index.php\/wp-json\/wp\/v2\/users\/1"}],"replies":[{"embeddable":true,"href":"https:\/\/jarnac-champagne.fr\/index.php\/wp-json\/wp\/v2\/comments?post=417"}],"version-history":[{"count":1,"href":"https:\/\/jarnac-champagne.fr\/index.php\/wp-json\/wp\/v2\/posts\/417\/revisions"}],"predecessor-version":[{"id":418,"href":"https:\/\/jarnac-champagne.fr\/index.php\/wp-json\/wp\/v2\/posts\/417\/revisions\/418"}],"wp:featuredmedia":[{"embeddable":true,"href":"https:\/\/jarnac-champagne.fr\/index.php\/wp-json\/wp\/v2\/media\/104"}],"wp:attachment":[{"href":"https:\/\/jarnac-champagne.fr\/index.php\/wp-json\/wp\/v2\/media?parent=417"}],"wp:term":[{"taxonomy":"category","embeddable":true,"href":"https:\/\/jarnac-champagne.fr\/index.php\/wp-json\/wp\/v2\/categories?post=417"},{"taxonomy":"post_tag","embeddable":true,"href":"https:\/\/jarnac-champagne.fr\/index.php\/wp-json\/wp\/v2\/tags?post=417"}],"curies":[{"name":"wp","href":"https:\/\/api.w.org\/{rel}","templated":true}]}}