{"id":4266,"date":"2022-12-22T16:44:35","date_gmt":"2022-12-22T15:44:35","guid":{"rendered":"https:\/\/jarnac-champagne.fr\/?p=4266"},"modified":"2022-12-22T16:44:37","modified_gmt":"2022-12-22T15:44:37","slug":"les-belles-vitrines","status":"publish","type":"post","link":"https:\/\/jarnac-champagne.fr\/index.php\/2022\/12\/22\/les-belles-vitrines\/","title":{"rendered":"Les belles vitrines"},"content":{"rendered":"\n<p>Comme chaque ann\u00e9e, nos commer\u00e7ants font un bel effort pour vous offrir de belles vitrines. Ils auront plaisir \u00e0 vous accueillir durant toute la p\u00e9riode des f\u00eates de fin d&rsquo;ann\u00e9e. Nous les remercions chaleureusement pour leur contribution.<\/p>\n\n\n\n<p>Pour information, les marchands d&rsquo;hu\u00eetres seront pr\u00e9sents les samedis 24 et 31 d\u00e9cembre.<\/p>\n\n\n\n<p>Pour le mardi soir, Sylvie Daviaud prend quelques cong\u00e9s et reviendra en d\u00e9but d&rsquo;ann\u00e9e tous les mardis soirs de 16h \u00e0 19h.<\/p>\n\n\n\n<figure class=\"wp-block-gallery has-nested-images columns-default is-cropped wp-block-gallery-1 is-layout-flex wp-block-gallery-is-layout-flex\">\n<figure class=\"wp-block-image size-large\"><img decoding=\"async\" data-id=\"4275\" src=\"https:\/\/jarnac-champagne.fr\/wp-content\/uploads\/2022\/12\/Decos_Commerces_20226.jpg\" alt=\"\" class=\"wp-image-4275\"\/><\/figure>\n\n\n\n<figure class=\"wp-block-image size-large\"><img decoding=\"async\" data-id=\"4273\" src=\"https:\/\/jarnac-champagne.fr\/wp-content\/uploads\/2022\/12\/Decos_Commerces_20228.jpg\" alt=\"\" class=\"wp-image-4273\"\/><\/figure>\n\n\n\n<figure class=\"wp-block-image size-large\"><img loading=\"lazy\" decoding=\"async\" width=\"2560\" height=\"1920\" data-id=\"4269\" src=\"https:\/\/jarnac-champagne.fr\/wp-content\/uploads\/2022\/12\/Decos_Commerces_20222-scaled.jpg\" alt=\"\" class=\"wp-image-4269\" srcset=\"https:\/\/jarnac-champagne.fr\/wp-content\/uploads\/2022\/12\/Decos_Commerces_20222-scaled.jpg 2560w, https:\/\/jarnac-champagne.fr\/wp-content\/uploads\/2022\/12\/Decos_Commerces_20222-300x225.jpg 300w\" sizes=\"auto, (max-width: 2560px) 100vw, 2560px\" \/><\/figure>\n\n\n\n<figure class=\"wp-block-image size-large\"><img decoding=\"async\" data-id=\"4268\" src=\"https:\/\/jarnac-champagne.fr\/wp-content\/uploads\/2022\/12\/Plats_Boucherie_2022.jpg\" alt=\"\" class=\"wp-image-4268\"\/><\/figure>\n\n\n\n<figure class=\"wp-block-image size-large\"><img decoding=\"async\" data-id=\"4274\" src=\"https:\/\/jarnac-champagne.fr\/wp-content\/uploads\/2022\/12\/Decos_Commerces_20225.jpg\" alt=\"\" class=\"wp-image-4274\"\/><\/figure>\n\n\n\n<figure class=\"wp-block-image size-large\"><img loading=\"lazy\" decoding=\"async\" width=\"2560\" height=\"1919\" data-id=\"4272\" src=\"https:\/\/jarnac-champagne.fr\/wp-content\/uploads\/2022\/12\/Decos_Commerces_20223-scaled.jpg\" alt=\"\" class=\"wp-image-4272\" srcset=\"https:\/\/jarnac-champagne.fr\/wp-content\/uploads\/2022\/12\/Decos_Commerces_20223-scaled.jpg 2560w, https:\/\/jarnac-champagne.fr\/wp-content\/uploads\/2022\/12\/Decos_Commerces_20223-300x225.jpg 300w\" sizes=\"auto, (max-width: 2560px) 100vw, 2560px\" \/><\/figure>\n\n\n\n<figure class=\"wp-block-image size-large\"><img loading=\"lazy\" decoding=\"async\" width=\"2560\" height=\"1920\" data-id=\"4271\" src=\"https:\/\/jarnac-champagne.fr\/wp-content\/uploads\/2022\/12\/Decos_Commerces_20220-scaled.jpg\" alt=\"\" class=\"wp-image-4271\" srcset=\"https:\/\/jarnac-champagne.fr\/wp-content\/uploads\/2022\/12\/Decos_Commerces_20220-scaled.jpg 2560w, https:\/\/jarnac-champagne.fr\/wp-content\/uploads\/2022\/12\/Decos_Commerces_20220-300x225.jpg 300w\" sizes=\"auto, (max-width: 2560px) 100vw, 2560px\" \/><\/figure>\n\n\n\n<figure class=\"wp-block-image size-large\"><img loading=\"lazy\" decoding=\"async\" width=\"768\" height=\"1024\" data-id=\"4267\" src=\"https:\/\/jarnac-champagne.fr\/wp-content\/uploads\/2022\/12\/Decos_Commerces_20224-768x1024.jpg\" alt=\"\" class=\"wp-image-4267\" srcset=\"https:\/\/jarnac-champagne.fr\/wp-content\/uploads\/2022\/12\/Decos_Commerces_20224-768x1024.jpg 768w, https:\/\/jarnac-champagne.fr\/wp-content\/uploads\/2022\/12\/Decos_Commerces_20224-225x300.jpg 225w, https:\/\/jarnac-champagne.fr\/wp-content\/uploads\/2022\/12\/Decos_Commerces_20224-1152x1536.jpg 1152w, https:\/\/jarnac-champagne.fr\/wp-content\/uploads\/2022\/12\/Decos_Commerces_20224.jpg 1522w\" sizes=\"auto, (max-width: 768px) 100vw, 768px\" \/><\/figure>\n\n\n\n<figure class=\"wp-block-image size-large\"><img loading=\"lazy\" decoding=\"async\" width=\"2560\" height=\"1920\" data-id=\"4270\" src=\"https:\/\/jarnac-champagne.fr\/wp-content\/uploads\/2022\/12\/Decos_Commerces_20221-scaled.jpg\" alt=\"\" class=\"wp-image-4270\" srcset=\"https:\/\/jarnac-champagne.fr\/wp-content\/uploads\/2022\/12\/Decos_Commerces_20221-scaled.jpg 2560w, https:\/\/jarnac-champagne.fr\/wp-content\/uploads\/2022\/12\/Decos_Commerces_20221-300x225.jpg 300w\" sizes=\"auto, (max-width: 2560px) 100vw, 2560px\" \/><\/figure>\n<\/figure>\n","protected":false},"excerpt":{"rendered":"<p>Comme chaque ann\u00e9e, nos commer\u00e7ants font un bel effort pour vous offrir de belles vitrines. Ils auront plaisir \u00e0 vous<\/p>\n","protected":false},"author":1,"featured_media":105,"comment_status":"open","ping_status":"open","sticky":false,"template":"","format":"standard","meta":{"colormag_page_container_layout":"default_layout","colormag_page_sidebar_layout":"default_layout","footnotes":""},"categories":[4],"tags":[],"class_list":["post-4266","post","type-post","status-publish","format-standard","has-post-thumbnail","hentry","category-infos-mairie"],"_links":{"self":[{"href":"https:\/\/jarnac-champagne.fr\/index.php\/wp-json\/wp\/v2\/posts\/4266","targetHints":{"allow":["GET"]}}],"collection":[{"href":"https:\/\/jarnac-champagne.fr\/index.php\/wp-json\/wp\/v2\/posts"}],"about":[{"href":"https:\/\/jarnac-champagne.fr\/index.php\/wp-json\/wp\/v2\/types\/post"}],"author":[{"embeddable":true,"href":"https:\/\/jarnac-champagne.fr\/index.php\/wp-json\/wp\/v2\/users\/1"}],"replies":[{"embeddable":true,"href":"https:\/\/jarnac-champagne.fr\/index.php\/wp-json\/wp\/v2\/comments?post=4266"}],"version-history":[{"count":1,"href":"https:\/\/jarnac-champagne.fr\/index.php\/wp-json\/wp\/v2\/posts\/4266\/revisions"}],"predecessor-version":[{"id":4276,"href":"https:\/\/jarnac-champagne.fr\/index.php\/wp-json\/wp\/v2\/posts\/4266\/revisions\/4276"}],"wp:featuredmedia":[{"embeddable":true,"href":"https:\/\/jarnac-champagne.fr\/index.php\/wp-json\/wp\/v2\/media\/105"}],"wp:attachment":[{"href":"https:\/\/jarnac-champagne.fr\/index.php\/wp-json\/wp\/v2\/media?parent=4266"}],"wp:term":[{"taxonomy":"category","embeddable":true,"href":"https:\/\/jarnac-champagne.fr\/index.php\/wp-json\/wp\/v2\/categories?post=4266"},{"taxonomy":"post_tag","embeddable":true,"href":"https:\/\/jarnac-champagne.fr\/index.php\/wp-json\/wp\/v2\/tags?post=4266"}],"curies":[{"name":"wp","href":"https:\/\/api.w.org\/{rel}","templated":true}]}}